{"id":185,"date":"2025-04-13T22:35:27","date_gmt":"2025-04-14T01:35:27","guid":{"rendered":"https:\/\/latinaradio.cl\/?p=185"},"modified":"2025-04-13T22:35:27","modified_gmt":"2025-04-14T01:35:27","slug":"efe-valparaiso-inicia-capacitacion-de-su-personal-para-la-llegada-de-nuevos-trenes","status":"publish","type":"post","link":"https:\/\/latinaradio.cl\/index.php\/2025\/04\/13\/efe-valparaiso-inicia-capacitacion-de-su-personal-para-la-llegada-de-nuevos-trenes\/","title":{"rendered":"EFE Valpara\u00edso inicia capacitaci\u00f3n de su personal para la llegada de nuevos trenes"},"content":{"rendered":"<p class=\"\" data-start=\"237\" data-end=\"557\">En el marco de su proceso de modernizaci\u00f3n y ampliaci\u00f3n de flota, <strong data-start=\"303\" data-end=\"321\">EFE Valpara\u00edso<\/strong> comenz\u00f3 la capacitaci\u00f3n de su personal operacional \u2014incluyendo maquinistas e inspectores de l\u00ednea\u2014 que estar\u00e1n a cargo de los <strong data-start=\"448\" data-end=\"465\">nuevos trenes<\/strong> que se incorporar\u00e1n al servicio <strong data-start=\"498\" data-end=\"516\">Limache-Puerto<\/strong> durante el segundo semestre de este a\u00f1o.<\/p>\n<p class=\"\" data-start=\"559\" data-end=\"944\">Este proceso formativo es una etapa clave para implementar con \u00e9xito el <strong data-start=\"631\" data-end=\"667\">proyecto de aumento de capacidad<\/strong>, que contempla la llegada de <strong data-start=\"697\" data-end=\"734\">cinco trenes de \u00faltima tecnolog\u00eda<\/strong>, actualmente en fabricaci\u00f3n en China por la empresa <strong data-start=\"787\" data-end=\"802\">CRRC-Sifang<\/strong>. Se trata de automotores de <strong data-start=\"831\" data-end=\"846\">tres coches<\/strong>, con capacidad para <strong data-start=\"867\" data-end=\"884\">660 pasajeros<\/strong> y que pueden alcanzar una <strong data-start=\"911\" data-end=\"943\">velocidad m\u00e1xima de 140 km\/h<\/strong>.<\/p>\n<p class=\"\" data-start=\"946\" data-end=\"1321\">Hoy en d\u00eda, los maquinistas de EFE Valpara\u00edso operan 35 trenes de los modelos XT 100 y XT Modular, del fabricante Alstom. Para garantizar un manejo seguro y eficiente del nuevo material rodante, se dise\u00f1\u00f3 un <strong data-start=\"1154\" data-end=\"1187\">plan integral de capacitaci\u00f3n<\/strong>, que incluye pasant\u00edas, uso de simuladores y formaci\u00f3n te\u00f3rico-pr\u00e1ctica en trenes similares que ya operan en otras regiones del pa\u00eds.<\/p>\n<p class=\"\" data-start=\"1323\" data-end=\"1526\">El gerente de Operaci\u00f3n de Servicios de EFE Valpara\u00edso, <strong data-start=\"1379\" data-end=\"1398\">Francisco N\u00fa\u00f1ez<\/strong>, explic\u00f3 que el plan de formaci\u00f3n abarcar\u00e1 a la totalidad del equipo de tracci\u00f3n, compuesto por cerca de <strong data-start=\"1504\" data-end=\"1523\">120 maquinistas<\/strong>.<\/p>\n<blockquote data-start=\"1527\" data-end=\"1885\">\n<p class=\"\" data-start=\"1529\" data-end=\"1885\">\u201cComo parte de la adquisici\u00f3n de cinco nuevos trenes, el personal realiz\u00f3 una capacitaci\u00f3n en <strong data-start=\"1623\" data-end=\"1634\">EFE Sur<\/strong>, donde ya operan estos equipos. Adem\u00e1s, nuestros inspectores de l\u00ednea se certificaron para capacitar a nuestros maquinistas. El proceso incluye una etapa te\u00f3rica de seis meses, seguida por una fase pr\u00e1ctica, cuando lleguen los nuevos trenes\u201d, se\u00f1al\u00f3.<\/p>\n<\/blockquote>\n<p class=\"\" data-start=\"1887\" data-end=\"2099\">La primera etapa se est\u00e1 desarrollando en la <strong data-start=\"1932\" data-end=\"1953\">Regi\u00f3n del Biob\u00edo<\/strong>, donde los inspectores de l\u00ednea de Valpara\u00edso est\u00e1n recibiendo instrucci\u00f3n con simuladores que reproducen fielmente la experiencia de conducci\u00f3n.<\/p>\n<p class=\"\" data-start=\"2101\" data-end=\"2176\">El instructor de EFE Sur, <strong data-start=\"2127\" data-end=\"2147\">Cristian Arrepol<\/strong>, valor\u00f3 el trabajo conjunto:<\/p>\n<blockquote data-start=\"2177\" data-end=\"2408\">\n<p class=\"\" data-start=\"2179\" data-end=\"2408\">\u201cEstamos capacitando a colegas de Valpara\u00edso en la parte te\u00f3rica y pr\u00e1ctica. Han visitado terreno y utilizado simuladores. Pronto regresar\u00e1n con todos los conocimientos necesarios para formar a sus propios equipos en Valpara\u00edso\u201d.<\/p>\n<\/blockquote>\n<p class=\"\" data-start=\"2410\" data-end=\"2521\">Por su parte, el inspector de l\u00ednea de EFE Valpara\u00edso, <strong data-start=\"2465\" data-end=\"2484\">Camilo Gonz\u00e1lez<\/strong>, destac\u00f3 la riqueza del intercambio:<\/p>\n<blockquote data-start=\"2522\" data-end=\"2769\">\n<p class=\"\" data-start=\"2524\" data-end=\"2769\">\u201cHa sido una experiencia muy valiosa. Nuestros colegas de EFE Sur, con m\u00e1s de cuatro a\u00f1os trabajando con estos trenes, nos han compartido todo su conocimiento. Esto nos permitir\u00e1 transmitirlo a nuestros maquinistas de manera segura y eficiente\u201d.<\/p>\n<\/blockquote>\n<p class=\"\" data-start=\"2771\" data-end=\"3026\">Adem\u00e1s, se contemplan nuevas jornadas formativas en <strong data-start=\"2823\" data-end=\"2838\">EFE Central<\/strong>, donde tambi\u00e9n opera este tipo de trenes, con el objetivo de que el personal se familiarice a fondo con las caracter\u00edsticas t\u00e9cnicas, operativas y de seguridad del nuevo material rodante.<\/p>\n<p class=\"\" data-start=\"3028\" data-end=\"3375\">Se espera que los cinco nuevos trenes lleguen a Chile durante el <strong data-start=\"3093\" data-end=\"3125\">segundo semestre de este a\u00f1o<\/strong>. Una vez en el pa\u00eds, se les instalar\u00e1n los sistemas de <strong data-start=\"3181\" data-end=\"3240\">se\u00f1alizaci\u00f3n embarcada ATP (Automatic Train Protection)<\/strong>, compatibles con la red actual de EFE Valpara\u00edso, y comenzar\u00e1n las pruebas de funcionamiento para su pronta incorporaci\u00f3n al servicio.<\/p>\n","protected":false},"excerpt":{"rendered":"<p>En el marco de su proceso de modernizaci\u00f3n y ampliaci\u00f3n de flota, EFE Valpara\u00edso comenz\u00f3 la capacitaci\u00f3n de su personal operacional \u2014incluyendo maquinistas e inspectores de l\u00ednea\u2014 que estar\u00e1n a cargo de los nuevos trenes que se incorporar\u00e1n al servicio Limache-Puerto durante el segundo semestre de este a\u00f1o. Este proceso formativo es una etapa clave [&hellip;]<\/p>\n","protected":false},"author":2,"featured_media":186,"comment_status":"closed","ping_status":"open","sticky":false,"template":"","format":"standard","meta":[],"categories":[4],"tags":[],"_links":{"self":[{"href":"https:\/\/latinaradio.cl\/index.php\/wp-json\/wp\/v2\/posts\/185"}],"collection":[{"href":"https:\/\/latinaradio.cl\/index.php\/wp-json\/wp\/v2\/posts"}],"about":[{"href":"https:\/\/latinaradio.cl\/index.php\/wp-json\/wp\/v2\/types\/post"}],"author":[{"embeddable":true,"href":"https:\/\/latinaradio.cl\/index.php\/wp-json\/wp\/v2\/users\/2"}],"replies":[{"embeddable":true,"href":"https:\/\/latinaradio.cl\/index.php\/wp-json\/wp\/v2\/comments?post=185"}],"version-history":[{"count":1,"href":"https:\/\/latinaradio.cl\/index.php\/wp-json\/wp\/v2\/posts\/185\/revisions"}],"predecessor-version":[{"id":187,"href":"https:\/\/latinaradio.cl\/index.php\/wp-json\/wp\/v2\/posts\/185\/revisions\/187"}],"wp:featuredmedia":[{"embeddable":true,"href":"https:\/\/latinaradio.cl\/index.php\/wp-json\/wp\/v2\/media\/186"}],"wp:attachment":[{"href":"https:\/\/latinaradio.cl\/index.php\/wp-json\/wp\/v2\/media?parent=185"}],"wp:term":[{"taxonomy":"category","embeddable":true,"href":"https:\/\/latinaradio.cl\/index.php\/wp-json\/wp\/v2\/categories?post=185"},{"taxonomy":"post_tag","embeddable":true,"href":"https:\/\/latinaradio.cl\/index.php\/wp-json\/wp\/v2\/tags?post=185"}],"curies":[{"name":"wp","href":"https:\/\/api.w.org\/{rel}","templated":true}]}}