{"id":188,"date":"2025-04-13T22:41:06","date_gmt":"2025-04-14T01:41:06","guid":{"rendered":"https:\/\/latinaradio.cl\/?p=188"},"modified":"2025-04-13T22:41:06","modified_gmt":"2025-04-14T01:41:06","slug":"valparaiso-ataque-a-balazos-deja-un-muerto-y-dos-mujeres-heridas-en-playa-ancha","status":"publish","type":"post","link":"https:\/\/latinaradio.cl\/index.php\/2025\/04\/13\/valparaiso-ataque-a-balazos-deja-un-muerto-y-dos-mujeres-heridas-en-playa-ancha\/","title":{"rendered":"Valpara\u00edso: Ataque a balazos deja un muerto y dos mujeres heridas en Playa Ancha"},"content":{"rendered":"<p class=\"\" data-start=\"222\" data-end=\"482\">Una tragedia sacudi\u00f3 la tarde del s\u00e1bado a la poblaci\u00f3n <strong data-start=\"278\" data-end=\"293\">Monted\u00f3nico<\/strong>, en el sector de <strong data-start=\"311\" data-end=\"326\">Playa Ancha<\/strong>, Valpara\u00edso. Un <strong data-start=\"343\" data-end=\"370\">hombre de 37 a\u00f1os muri\u00f3<\/strong> y otras <strong data-start=\"379\" data-end=\"413\">dos mujeres resultaron heridas<\/strong> tras ser atacados a balazos mientras se desplazaban en un autom\u00f3vil.<\/p>\n<p class=\"\" data-start=\"484\" data-end=\"681\">La v\u00edctima fatal iba al volante del veh\u00edculo acompa\u00f1ado por su madre, de 69 a\u00f1os, y su pareja, de 53, cuando fueron interceptados por <strong data-start=\"618\" data-end=\"642\">tres sujetos armados<\/strong> que abrieron fuego sin mediar palabra.<\/p>\n<p class=\"\" data-start=\"683\" data-end=\"1055\">El conductor recibi\u00f3 un disparo en el abdomen y fue trasladado de urgencia al <strong data-start=\"761\" data-end=\"789\">CESFAM de Quebrada Verde<\/strong>, donde lamentablemente se confirm\u00f3 su fallecimiento. La madre del fallecido sufri\u00f3 una <strong data-start=\"877\" data-end=\"910\">fractura en uno de sus brazos<\/strong>, mientras que la pareja present\u00f3 una <strong data-start=\"948\" data-end=\"964\">lesi\u00f3n menor<\/strong>. Ambas fueron llevadas al <strong data-start=\"991\" data-end=\"1020\">Hospital Carlos Van Buren<\/strong>, donde recibieron atenci\u00f3n m\u00e9dica.<\/p>\n<p class=\"\" data-start=\"1057\" data-end=\"1440\">La <strong data-start=\"1060\" data-end=\"1100\">Brigada de Homicidios (BH) de la PDI<\/strong> qued\u00f3 a cargo de la investigaci\u00f3n por instrucci\u00f3n del Ministerio P\u00fablico. El <strong data-start=\"1178\" data-end=\"1209\">subprefecto Flavio Espinoza<\/strong>, jefe de la BH en Valpara\u00edso, indic\u00f3 que \u201clos detectives, peritos y m\u00e9dicos criminalistas concurrieron al CESFAM, donde constataron que la v\u00edctima presentaba un impacto bal\u00edstico en la regi\u00f3n abdominal, lo que le caus\u00f3 la muerte\u201d.<\/p>\n<h3 class=\"\" data-start=\"1442\" data-end=\"1485\">Sospechosos identificados y un detenido<\/h3>\n<p class=\"\" data-start=\"1487\" data-end=\"1681\">Durante las primeras diligencias, la <strong data-start=\"1524\" data-end=\"1585\">PDI logr\u00f3 identificar a dos de los presuntos responsables<\/strong> del ataque: una <strong data-start=\"1602\" data-end=\"1655\">mujer chilena de 38 a\u00f1os con antecedentes penales<\/strong> y su <strong data-start=\"1661\" data-end=\"1680\">hijo de 19 a\u00f1os<\/strong>.<\/p>\n<p class=\"\" data-start=\"1683\" data-end=\"1790\">Adem\u00e1s, uno de los atacantes fue <strong data-start=\"1716\" data-end=\"1728\">detenido<\/strong>. El <strong data-start=\"1733\" data-end=\"1767\">fiscal de turno Ignacio Rivera<\/strong> confirm\u00f3 la captura:<\/p>\n<blockquote data-start=\"1791\" data-end=\"2012\">\n<p class=\"\" data-start=\"1793\" data-end=\"2012\">\u201cGracias a la r\u00e1pida acci\u00f3n del personal policial, la Brigada de Homicidios y el Equipo Contra el Crimen Organizado de la Fiscal\u00eda Regional, se logr\u00f3 dar con la identidad de al menos uno de los autores de los disparos\u201d.<\/p>\n<\/blockquote>\n<p class=\"\" data-start=\"2014\" data-end=\"2181\">La investigaci\u00f3n sigue en curso para determinar el <strong data-start=\"2065\" data-end=\"2085\">m\u00f3vil del ataque<\/strong> y ubicar a los dem\u00e1s involucrados en este violento hecho que conmociona a la comunidad porte\u00f1a.<\/p>\n","protected":false},"excerpt":{"rendered":"<p>Una tragedia sacudi\u00f3 la tarde del s\u00e1bado a la poblaci\u00f3n Monted\u00f3nico, en el sector de Playa Ancha, Valpara\u00edso. Un hombre de 37 a\u00f1os muri\u00f3 y otras dos mujeres resultaron heridas tras ser atacados a balazos mientras se desplazaban en un autom\u00f3vil. La v\u00edctima fatal iba al volante del veh\u00edculo acompa\u00f1ado por su madre, de 69 [&hellip;]<\/p>\n","protected":false},"author":2,"featured_media":189,"comment_status":"closed","ping_status":"open","sticky":false,"template":"","format":"standard","meta":[],"categories":[2,4],"tags":[],"_links":{"self":[{"href":"https:\/\/latinaradio.cl\/index.php\/wp-json\/wp\/v2\/posts\/188"}],"collection":[{"href":"https:\/\/latinaradio.cl\/index.php\/wp-json\/wp\/v2\/posts"}],"about":[{"href":"https:\/\/latinaradio.cl\/index.php\/wp-json\/wp\/v2\/types\/post"}],"author":[{"embeddable":true,"href":"https:\/\/latinaradio.cl\/index.php\/wp-json\/wp\/v2\/users\/2"}],"replies":[{"embeddable":true,"href":"https:\/\/latinaradio.cl\/index.php\/wp-json\/wp\/v2\/comments?post=188"}],"version-history":[{"count":1,"href":"https:\/\/latinaradio.cl\/index.php\/wp-json\/wp\/v2\/posts\/188\/revisions"}],"predecessor-version":[{"id":190,"href":"https:\/\/latinaradio.cl\/index.php\/wp-json\/wp\/v2\/posts\/188\/revisions\/190"}],"wp:featuredmedia":[{"embeddable":true,"href":"https:\/\/latinaradio.cl\/index.php\/wp-json\/wp\/v2\/media\/189"}],"wp:attachment":[{"href":"https:\/\/latinaradio.cl\/index.php\/wp-json\/wp\/v2\/media?parent=188"}],"wp:term":[{"taxonomy":"category","embeddable":true,"href":"https:\/\/latinaradio.cl\/index.php\/wp-json\/wp\/v2\/categories?post=188"},{"taxonomy":"post_tag","embeddable":true,"href":"https:\/\/latinaradio.cl\/index.php\/wp-json\/wp\/v2\/tags?post=188"}],"curies":[{"name":"wp","href":"https:\/\/api.w.org\/{rel}","templated":true}]}}