{"id":239,"date":"2025-04-21T10:36:52","date_gmt":"2025-04-21T13:36:52","guid":{"rendered":"https:\/\/latinaradio.cl\/?p=239"},"modified":"2025-04-21T10:36:52","modified_gmt":"2025-04-21T13:36:52","slug":"fallece-el-papa-francisco-a-los-88-anos-asi-sera-el-proceso-tras-su-partida","status":"publish","type":"post","link":"https:\/\/latinaradio.cl\/index.php\/2025\/04\/21\/fallece-el-papa-francisco-a-los-88-anos-asi-sera-el-proceso-tras-su-partida\/","title":{"rendered":"Fallece el papa Francisco a los 88 a\u00f1os: as\u00ed ser\u00e1 el proceso tras su partida"},"content":{"rendered":"<p class=\"\" data-start=\"242\" data-end=\"487\">El papa Francisco, el primer pont\u00edfice no europeo en casi 1.300 a\u00f1os, falleci\u00f3 este lunes a los 88 a\u00f1os. El Vaticano inform\u00f3 de su muerte menos de un d\u00eda despu\u00e9s de que sostuviera una reuni\u00f3n con el vicepresidente de Estados Unidos, J. D. Vance.<\/p>\n<p class=\"\" data-start=\"489\" data-end=\"791\">Tras su deceso, se activa un protocolo preciso establecido por la constituci\u00f3n apost\u00f3lica <em data-start=\"579\" data-end=\"605\">Universi Dominici Gregis<\/em>. Este per\u00edodo se conoce como <strong data-start=\"635\" data-end=\"655\">interregno papal<\/strong>, o <em data-start=\"659\" data-end=\"673\">sede vacante<\/em>, en el que la Iglesia permanece sin un l\u00edder espiritual. A continuaci\u00f3n, los pasos que seguir\u00e1n en los pr\u00f3ximos d\u00edas:<\/p>\n<h3 class=\"\" data-start=\"793\" data-end=\"820\">1. Muerte del pont\u00edfice<\/h3>\n<p class=\"\" data-start=\"821\" data-end=\"1006\">La noticia es confirmada por el Vaticano y comienza una serie de rituales organizados por el <strong data-start=\"914\" data-end=\"928\">camarlengo<\/strong>, el funcionario que gestiona los asuntos del Vaticano en ausencia de un papa.<\/p>\n<h3 class=\"\" data-start=\"1008\" data-end=\"1036\">2. Exposici\u00f3n del cuerpo<\/h3>\n<p class=\"\" data-start=\"1037\" data-end=\"1302\">Primero, el cuerpo reposa en privado para ser visitado por la casa pontificia, funcionarios vaticanos, jefes de Estado y l\u00edderes religiosos. Luego, ser\u00e1 trasladado a la <strong data-start=\"1206\" data-end=\"1231\">Bas\u00edlica de San Pedro<\/strong> para su exposici\u00f3n p\u00fablica, donde los fieles podr\u00e1n rendirle homenaje.<\/p>\n<h3 class=\"\" data-start=\"1304\" data-end=\"1335\">3. Congregaciones generales<\/h3>\n<p class=\"\" data-start=\"1336\" data-end=\"1534\">Los <strong data-start=\"1340\" data-end=\"1373\">cardenales menores de 80 a\u00f1os<\/strong> se re\u00fanen a diario antes del c\u00f3nclave. Estas reuniones sirven para organizar el funeral, la exposici\u00f3n del cuerpo y, posteriormente, la elecci\u00f3n del nuevo papa.<\/p>\n<h3 class=\"\" data-start=\"1536\" data-end=\"1554\">4. Novendiales<\/h3>\n<p class=\"\" data-start=\"1555\" data-end=\"1765\">Se inician <strong data-start=\"1566\" data-end=\"1588\">nueve d\u00edas de luto<\/strong> conocidos como <em data-start=\"1604\" data-end=\"1617\">novendiales<\/em>, una tradici\u00f3n romana. Cada d\u00eda, un cardenal distinto oficia una misa p\u00fablica en honor al papa fallecido, comenzando con la misa f\u00fanebre principal.<\/p>\n<h3 class=\"\" data-start=\"1767\" data-end=\"1782\">5. C\u00f3nclave<\/h3>\n<p class=\"\" data-start=\"1783\" data-end=\"1990\">Los cardenales se re\u00fanen en la <strong data-start=\"1814\" data-end=\"1833\">Capilla Sixtina<\/strong> para la votaci\u00f3n secreta del nuevo pont\u00edfice. Tras cada votaci\u00f3n, se queman las papeletas; el humo blanco indica al mundo que ha sido elegido un nuevo papa.<\/p>\n<h3 class=\"\" data-start=\"1992\" data-end=\"2027\">6. Inauguraci\u00f3n del pontificado<\/h3>\n<p class=\"\" data-start=\"2028\" data-end=\"2184\">El nuevo papa celebra una misa de inicio de su pontificado, usualmente en la Bas\u00edlica de San Pedro, aunque puede decidir el momento y lugar de la ceremonia.<\/p>\n","protected":false},"excerpt":{"rendered":"<p>El papa Francisco, el primer pont\u00edfice no europeo en casi 1.300 a\u00f1os, falleci\u00f3 este lunes a los 88 a\u00f1os. El Vaticano inform\u00f3 de su muerte menos de un d\u00eda despu\u00e9s de que sostuviera una reuni\u00f3n con el vicepresidente de Estados Unidos, J. D. Vance. Tras su deceso, se activa un protocolo preciso establecido por la [&hellip;]<\/p>\n","protected":false},"author":2,"featured_media":240,"comment_status":"closed","ping_status":"open","sticky":false,"template":"","format":"standard","meta":[],"categories":[3],"tags":[],"_links":{"self":[{"href":"https:\/\/latinaradio.cl\/index.php\/wp-json\/wp\/v2\/posts\/239"}],"collection":[{"href":"https:\/\/latinaradio.cl\/index.php\/wp-json\/wp\/v2\/posts"}],"about":[{"href":"https:\/\/latinaradio.cl\/index.php\/wp-json\/wp\/v2\/types\/post"}],"author":[{"embeddable":true,"href":"https:\/\/latinaradio.cl\/index.php\/wp-json\/wp\/v2\/users\/2"}],"replies":[{"embeddable":true,"href":"https:\/\/latinaradio.cl\/index.php\/wp-json\/wp\/v2\/comments?post=239"}],"version-history":[{"count":1,"href":"https:\/\/latinaradio.cl\/index.php\/wp-json\/wp\/v2\/posts\/239\/revisions"}],"predecessor-version":[{"id":241,"href":"https:\/\/latinaradio.cl\/index.php\/wp-json\/wp\/v2\/posts\/239\/revisions\/241"}],"wp:featuredmedia":[{"embeddable":true,"href":"https:\/\/latinaradio.cl\/index.php\/wp-json\/wp\/v2\/media\/240"}],"wp:attachment":[{"href":"https:\/\/latinaradio.cl\/index.php\/wp-json\/wp\/v2\/media?parent=239"}],"wp:term":[{"taxonomy":"category","embeddable":true,"href":"https:\/\/latinaradio.cl\/index.php\/wp-json\/wp\/v2\/categories?post=239"},{"taxonomy":"post_tag","embeddable":true,"href":"https:\/\/latinaradio.cl\/index.php\/wp-json\/wp\/v2\/tags?post=239"}],"curies":[{"name":"wp","href":"https:\/\/api.w.org\/{rel}","templated":true}]}}