{"id":245,"date":"2025-04-21T10:49:22","date_gmt":"2025-04-21T13:49:22","guid":{"rendered":"https:\/\/latinaradio.cl\/?p=245"},"modified":"2025-04-21T10:49:22","modified_gmt":"2025-04-21T13:49:22","slug":"invitan-al-encuentro-final-del-proyecto-sobre-la-historia-de-la-danza-escenica-en-la-region-de-valparaiso","status":"publish","type":"post","link":"https:\/\/latinaradio.cl\/index.php\/2025\/04\/21\/invitan-al-encuentro-final-del-proyecto-sobre-la-historia-de-la-danza-escenica-en-la-region-de-valparaiso\/","title":{"rendered":"Invitan al encuentro final del proyecto sobre la historia de la danza esc\u00e9nica en la Regi\u00f3n de Valpara\u00edso"},"content":{"rendered":"<p class=\"\" data-start=\"245\" data-end=\"639\">El proyecto de investigaci\u00f3n <strong data-start=\"274\" data-end=\"415\">\u201cMemorias colectivas: para una historia de la danza contempor\u00e1nea regional (1973\u20132023). Provincias de Valpara\u00edso y Marga Marga, V Regi\u00f3n\u201d<\/strong> llega a su etapa final e invita a la comunidad art\u00edstica y cultural a participar en un <strong data-start=\"503\" data-end=\"526\">encuentro de cierre<\/strong>, donde se presentar\u00e1n los principales avances, hallazgos y reflexiones generadas durante estos meses de trabajo.<\/p>\n<p class=\"\" data-start=\"641\" data-end=\"1014\">Esta iniciativa, financiada por el <strong data-start=\"676\" data-end=\"723\">Fondo para el Fomento de la M\u00fasica Nacional<\/strong> del Ministerio de las Culturas, las Artes y el Patrimonio, ha sido liderada por la <strong data-start=\"807\" data-end=\"843\">soci\u00f3loga Ruby Parraguez Padilla<\/strong> en la l\u00ednea de investigaci\u00f3n te\u00f3rica, con la participaci\u00f3n de <strong data-start=\"906\" data-end=\"933\">Mikaela P\u00e9rez Holzapfel<\/strong> como investigadora asistente y <strong data-start=\"965\" data-end=\"988\">Cristi\u00e1n Soto Silva<\/strong> en la producci\u00f3n general.<\/p>\n<p class=\"\" data-start=\"1016\" data-end=\"1069\">Los encuentros de cierre se realizar\u00e1n en dos fechas:<\/p>\n<p class=\"\" data-start=\"1071\" data-end=\"1153\">\ud83d\udccd <strong data-start=\"1074\" data-end=\"1099\">Mi\u00e9rcoles 23 de abril<\/strong> a las 18:00 horas<br data-start=\"1117\" data-end=\"1120\"><strong data-start=\"1120\" data-end=\"1153\">Parque Cultural de Valpara\u00edso<\/strong><\/p>\n<p class=\"\" data-start=\"1155\" data-end=\"1268\">\ud83d\udccd <strong data-start=\"1158\" data-end=\"1180\">S\u00e1bado 26 de abril<\/strong> a las 16:00 horas<br data-start=\"1198\" data-end=\"1201\"><strong data-start=\"1201\" data-end=\"1238\">Centro Cultural Daniel de la Vega<\/strong>, Vicu\u00f1a Mackenna 684, Quilpu\u00e9<\/p>\n<p class=\"\" data-start=\"1270\" data-end=\"1675\">Ambas jornadas incluir\u00e1n una exposici\u00f3n del proceso de investigaci\u00f3n, una muestra de los principales hitos recogidos a trav\u00e9s de entrevistas y actividades colectivas, adem\u00e1s de un espacio de <strong data-start=\"1461\" data-end=\"1480\">di\u00e1logo abierto<\/strong> sobre las particularidades que ha tenido la danza esc\u00e9nica en estos territorios. La actividad ser\u00e1 acompa\u00f1ada de un <strong data-start=\"1597\" data-end=\"1613\">coffee break<\/strong>, pensado para compartir en un ambiente c\u00e1lido y colaborativo.<\/p>\n<blockquote data-start=\"1677\" data-end=\"2110\">\n<p class=\"\" data-start=\"1679\" data-end=\"2110\">\u201cEl estudio ha sido una oportunidad para escuchar memorias significativas de diversos agentes de la danza y reconstruir una memoria colectiva que debemos reivindicar antes de que caiga en el olvido. Queremos cerrar esta etapa con una conversaci\u00f3n abierta que permita seguir vinculando a todas las personas interesadas y visibilizar las nuevas interrogantes y desaf\u00edos que esta investigaci\u00f3n nos plantea\u201d, se\u00f1ala <strong data-start=\"2091\" data-end=\"2109\">Ruby Parraguez<\/strong>.<\/p>\n<\/blockquote>\n<p class=\"\" data-start=\"2112\" data-end=\"2283\">Se invita a toda la comunidad interesada en la danza esc\u00e9nica de la regi\u00f3n a participar y confirmar su asistencia escribiendo a:<br data-start=\"2240\" data-end=\"2243\">\ud83d\udce7 <strong data-start=\"2246\" data-end=\"2283\"><a rel=\"noopener\" data-start=\"2248\" data-end=\"2281\">danzamemoriayterritorio@gmail.com<\/a><\/strong><\/p>\n<p class=\"\" data-start=\"2285\" data-end=\"2376\">Sigue las novedades del proyecto en Instagram y Facebook:<br data-start=\"2342\" data-end=\"2345\">\ud83d\udd0d <strong data-start=\"2348\" data-end=\"2376\">@DanzaMemoriaYTerritorio<\/strong><\/p>\n","protected":false},"excerpt":{"rendered":"<p>El proyecto de investigaci\u00f3n \u201cMemorias colectivas: para una historia de la danza contempor\u00e1nea regional (1973\u20132023). Provincias de Valpara\u00edso y Marga Marga, V Regi\u00f3n\u201d llega a su etapa final e invita a la comunidad art\u00edstica y cultural a participar en un encuentro de cierre, donde se presentar\u00e1n los principales avances, hallazgos y reflexiones generadas durante estos [&hellip;]<\/p>\n","protected":false},"author":2,"featured_media":246,"comment_status":"closed","ping_status":"open","sticky":false,"template":"","format":"standard","meta":[],"categories":[8],"tags":[],"_links":{"self":[{"href":"https:\/\/latinaradio.cl\/index.php\/wp-json\/wp\/v2\/posts\/245"}],"collection":[{"href":"https:\/\/latinaradio.cl\/index.php\/wp-json\/wp\/v2\/posts"}],"about":[{"href":"https:\/\/latinaradio.cl\/index.php\/wp-json\/wp\/v2\/types\/post"}],"author":[{"embeddable":true,"href":"https:\/\/latinaradio.cl\/index.php\/wp-json\/wp\/v2\/users\/2"}],"replies":[{"embeddable":true,"href":"https:\/\/latinaradio.cl\/index.php\/wp-json\/wp\/v2\/comments?post=245"}],"version-history":[{"count":1,"href":"https:\/\/latinaradio.cl\/index.php\/wp-json\/wp\/v2\/posts\/245\/revisions"}],"predecessor-version":[{"id":247,"href":"https:\/\/latinaradio.cl\/index.php\/wp-json\/wp\/v2\/posts\/245\/revisions\/247"}],"wp:featuredmedia":[{"embeddable":true,"href":"https:\/\/latinaradio.cl\/index.php\/wp-json\/wp\/v2\/media\/246"}],"wp:attachment":[{"href":"https:\/\/latinaradio.cl\/index.php\/wp-json\/wp\/v2\/media?parent=245"}],"wp:term":[{"taxonomy":"category","embeddable":true,"href":"https:\/\/latinaradio.cl\/index.php\/wp-json\/wp\/v2\/categories?post=245"},{"taxonomy":"post_tag","embeddable":true,"href":"https:\/\/latinaradio.cl\/index.php\/wp-json\/wp\/v2\/tags?post=245"}],"curies":[{"name":"wp","href":"https:\/\/api.w.org\/{rel}","templated":true}]}}