{"id":257,"date":"2025-04-23T00:32:18","date_gmt":"2025-04-23T03:32:18","guid":{"rendered":"https:\/\/latinaradio.cl\/?p=257"},"modified":"2025-04-23T00:32:18","modified_gmt":"2025-04-23T03:32:18","slug":"las-pumas-clasifican-al-mundial-de-relevos-2025-en-china","status":"publish","type":"post","link":"https:\/\/latinaradio.cl\/index.php\/2025\/04\/23\/las-pumas-clasifican-al-mundial-de-relevos-2025-en-china\/","title":{"rendered":"Las Pumas clasifican al Mundial de Relevos 2025 en China"},"content":{"rendered":"<p class=\"\" data-start=\"176\" data-end=\"334\"><span class=\"relative -mx-px my-[-0.2rem] rounded px-px py-[0.2rem] transition-colors duration-100 ease-in-out\">La posta 4&#215;100 femenina de Chile, conocida como &#8220;Las Pumas&#8221;, ha asegurado su participaci\u00f3n en el Mundial de Relevos 2025, que se celebrar\u00e1 el 10 y 11 de mayo en el Estadio Ol\u00edmpico de Guangzhou, China.<\/span> <span class=\"relative -mx-px my-[-0.2rem] rounded px-px py-[0.2rem] transition-colors duration-100 ease-in-out\">La World Athletics confirm\u00f3 oficialmente la clasificaci\u00f3n del equipo nacional, integrado por Ana\u00eds Hern\u00e1ndez, Javiera Ca\u00f1as, Macarena Borie, Isidora Jim\u00e9nez, Mar\u00eda Ignacia Montt y Antonia Ram\u00edrez<\/span> .\u200b<\/p>\n<p class=\"\" data-start=\"336\" data-end=\"532\"><span class=\"relative -mx-px my-[-0.2rem] rounded px-px py-[0.2rem] transition-colors duration-100 ease-in-out\">Esta ser\u00e1 la cuarta vez que Chile compite en este prestigioso certamen, tras sus participaciones en Yokohama 2019, Chorzow 2021 y Nassau 2024.<\/span> <span class=\"relative -mx-px my-[-0.2rem] rounded px-px py-[0.2rem] transition-colors duration-100 ease-in-out\">En la edici\u00f3n anterior, el equipo nacional alcanz\u00f3 la vig\u00e9sima cuarta posici\u00f3n en la ronda inicial y el decimoctavo lugar en el repechaje, con un mejor tiempo de 44.31 segundos.<\/span> <span class=\"relative -mx-px my-[-0.2rem] rounded px-px py-[0.2rem] transition-colors duration-100 ease-in-out\">El r\u00e9cord nacional en esta disciplina es de 44.19 segundos, establecido en los Juegos Panamericanos de Santiago 2023<\/span> .<\/p>\n<p class=\"\" data-start=\"534\" data-end=\"698\"><span class=\"relative -mx-px my-[-0.2rem] rounded px-px py-[0.2rem] transition-colors duration-100 ease-in-out\">Se espera que el Mundial de Relevos sea transmitido por televisi\u00f3n abierta, aunque a\u00fan no se ha confirmado oficialmente.<\/span> <span class=\"relative -mx-px my-[-0.2rem] rounded px-px py-[0.2rem] transition-colors duration-100 ease-in-out\">Este logro se suma a las recientes buenas noticias para el deporte chileno, como la destacada actuaci\u00f3n del equipo nacional de r\u00e1quetbol en el Panamericano disputado en Guatemala<\/span> .\u200b<\/p>\n","protected":false},"excerpt":{"rendered":"<p>La posta 4&#215;100 femenina de Chile, conocida como &#8220;Las Pumas&#8221;, ha asegurado su participaci\u00f3n en el Mundial de Relevos 2025, que se celebrar\u00e1 el 10 y 11 de mayo en el Estadio Ol\u00edmpico de Guangzhou, China. La World Athletics confirm\u00f3 oficialmente la clasificaci\u00f3n del equipo nacional, integrado por Ana\u00eds Hern\u00e1ndez, Javiera Ca\u00f1as, Macarena Borie, Isidora [&hellip;]<\/p>\n","protected":false},"author":2,"featured_media":258,"comment_status":"closed","ping_status":"open","sticky":false,"template":"","format":"standard","meta":[],"categories":[5],"tags":[],"_links":{"self":[{"href":"https:\/\/latinaradio.cl\/index.php\/wp-json\/wp\/v2\/posts\/257"}],"collection":[{"href":"https:\/\/latinaradio.cl\/index.php\/wp-json\/wp\/v2\/posts"}],"about":[{"href":"https:\/\/latinaradio.cl\/index.php\/wp-json\/wp\/v2\/types\/post"}],"author":[{"embeddable":true,"href":"https:\/\/latinaradio.cl\/index.php\/wp-json\/wp\/v2\/users\/2"}],"replies":[{"embeddable":true,"href":"https:\/\/latinaradio.cl\/index.php\/wp-json\/wp\/v2\/comments?post=257"}],"version-history":[{"count":1,"href":"https:\/\/latinaradio.cl\/index.php\/wp-json\/wp\/v2\/posts\/257\/revisions"}],"predecessor-version":[{"id":259,"href":"https:\/\/latinaradio.cl\/index.php\/wp-json\/wp\/v2\/posts\/257\/revisions\/259"}],"wp:featuredmedia":[{"embeddable":true,"href":"https:\/\/latinaradio.cl\/index.php\/wp-json\/wp\/v2\/media\/258"}],"wp:attachment":[{"href":"https:\/\/latinaradio.cl\/index.php\/wp-json\/wp\/v2\/media?parent=257"}],"wp:term":[{"taxonomy":"category","embeddable":true,"href":"https:\/\/latinaradio.cl\/index.php\/wp-json\/wp\/v2\/categories?post=257"},{"taxonomy":"post_tag","embeddable":true,"href":"https:\/\/latinaradio.cl\/index.php\/wp-json\/wp\/v2\/tags?post=257"}],"curies":[{"name":"wp","href":"https:\/\/api.w.org\/{rel}","templated":true}]}}