{"id":260,"date":"2025-04-23T21:32:04","date_gmt":"2025-04-24T00:32:04","guid":{"rendered":"https:\/\/latinaradio.cl\/?p=260"},"modified":"2025-04-23T21:32:04","modified_gmt":"2025-04-24T00:32:04","slug":"gam-celebrara-a-gabriela-mistral-con-8-horas-de-lectura-publica","status":"publish","type":"post","link":"https:\/\/latinaradio.cl\/index.php\/2025\/04\/23\/gam-celebrara-a-gabriela-mistral-con-8-horas-de-lectura-publica\/","title":{"rendered":"GAM celebrar\u00e1 a Gabriela Mistral con 8 horas de lectura p\u00fablica"},"content":{"rendered":"<p class=\"\" data-start=\"0\" data-end=\"164\">\u200b<span class=\"relative -mx-px my-[-0.2rem] rounded px-px py-[0.2rem] transition-colors duration-100 ease-in-out\">El Centro Cultural Gabriela Mistral (GAM) invita a una jornada especial para conmemorar los 80 a\u00f1os desde que Gabriela Mistral recibi\u00f3 el Premio Nobel de Literatura.<\/span> <span class=\"relative -mx-px my-[-0.2rem] rounded px-px py-[0.2rem] transition-colors duration-100 ease-in-out\">El martes 29 de abril, entre las 12:00 y las 20:00 horas, se realizar\u00e1 una lectura marat\u00f3nica titulada &#8220;Creo en mi coraz\u00f3n&#8221; en la plaza central del GAM, ubicada en Alameda 227, Santiago.<\/span><\/p>\n<p class=\"\" data-start=\"166\" data-end=\"323\"><span class=\"relative -mx-px my-[-0.2rem] rounded px-px py-[0.2rem] transition-colors duration-100 ease-in-out\">Durante ocho horas continuas, m\u00e1s de 80 personas leer\u00e1n en voz alta una selecci\u00f3n de textos de Mistral, incluyendo poes\u00eda, ensayos, cartas y cuentos.<\/span> <span class=\"relative -mx-px my-[-0.2rem] rounded px-px py-[0.2rem] transition-colors duration-100 ease-in-out\">Cada hora estar\u00e1 dedicada a una tem\u00e1tica diferente de su obra, como infancias, madre tierra, educaci\u00f3n, pueblos originarios, justicia social y espiritualidad.<\/span> \u200b<\/p>\n<p class=\"\" data-start=\"325\" data-end=\"446\"><span class=\"relative -mx-px my-[-0.2rem] rounded px-px py-[0.2rem] transition-colors duration-100 ease-in-out\">Entre las y los participantes se encuentran figuras destacadas del \u00e1mbito cultural y social, como Connie Achurra, Nona Fern\u00e1ndez, Mar\u00eda Ignacia Omegna, Soledad Falabella, P\u00eda Barros y Alejandra Costamagna, entre otros.<\/span> \u200b<\/p>\n<p class=\"\" data-start=\"448\" data-end=\"613\"><span class=\"relative -mx-px my-[-0.2rem] rounded px-px py-[0.2rem] transition-colors duration-100 ease-in-out\">Adem\u00e1s de las lecturas, habr\u00e1 espacios de mediaci\u00f3n lectora, actividades para ni\u00f1os y ni\u00f1as en colaboraci\u00f3n con Imanix y el Plan Nacional de la Lectura, y una feria de editoriales independientes con libros de y sobre Gabriela Mistral.<\/span> <span class=\"relative -mx-px my-[-0.2rem] rounded px-px py-[0.2rem] transition-colors duration-100 ease-in-out\">La jornada culminar\u00e1 con la presentaci\u00f3n de Murga La corre y vuela, una agrupaci\u00f3n de mujeres m\u00fasicas e int\u00e9rpretes en lengua de se\u00f1as chilena, que ofrecer\u00e1n un espect\u00e1culo de m\u00fasica latinoamericana en formato carnavalero.<\/span> \u200b<\/p>\n<p class=\"\" data-start=\"615\" data-end=\"740\"><span class=\"relative -mx-px my-[-0.2rem] rounded px-px py-[0.2rem] transition-colors duration-100 ease-in-out\">La actividad es gratuita y abierta a todo p\u00fablico.<\/span> <span class=\"relative -mx-px my-[-0.2rem] rounded px-px py-[0.2rem] transition-colors duration-100 ease-in-out\">Para m\u00e1s informaci\u00f3n, puedes visitar el sitio web oficial del GAM en <a href=\"https:\/\/www.gam.cl\" target=\"_new\" rel=\"noopener noreferrer\" data-start=\"69\" data-end=\"101\">www.gam.cl<\/a>.<\/span>\u200b<\/p>\n<div class=\"absolute h-[60px]\">\n<div class=\"flex flex-row-reverse\">\n<div class=\"border-token-main-surface-primary bg-token-main-surface-primary flex items-center overflow-hidden rounded-full -ms-1 first:me-0 border-2 group-hover\/footnote:border-token-main-surface-secondary relative\"><\/div>\n<\/div>\n<div class=\"text-token-text-secondary flex items-center gap-0.5 text-xs font-semibold\"><\/div>\n<\/div>\n<div class=\"h-[60px]\"><\/div>\n","protected":false},"excerpt":{"rendered":"<p>\u200bEl Centro Cultural Gabriela Mistral (GAM) invita a una jornada especial para conmemorar los 80 a\u00f1os desde que Gabriela Mistral recibi\u00f3 el Premio Nobel de Literatura. El martes 29 de abril, entre las 12:00 y las 20:00 horas, se realizar\u00e1 una lectura marat\u00f3nica titulada &#8220;Creo en mi coraz\u00f3n&#8221; en la plaza central del GAM, ubicada [&hellip;]<\/p>\n","protected":false},"author":2,"featured_media":261,"comment_status":"closed","ping_status":"open","sticky":false,"template":"","format":"standard","meta":[],"categories":[8],"tags":[],"_links":{"self":[{"href":"https:\/\/latinaradio.cl\/index.php\/wp-json\/wp\/v2\/posts\/260"}],"collection":[{"href":"https:\/\/latinaradio.cl\/index.php\/wp-json\/wp\/v2\/posts"}],"about":[{"href":"https:\/\/latinaradio.cl\/index.php\/wp-json\/wp\/v2\/types\/post"}],"author":[{"embeddable":true,"href":"https:\/\/latinaradio.cl\/index.php\/wp-json\/wp\/v2\/users\/2"}],"replies":[{"embeddable":true,"href":"https:\/\/latinaradio.cl\/index.php\/wp-json\/wp\/v2\/comments?post=260"}],"version-history":[{"count":1,"href":"https:\/\/latinaradio.cl\/index.php\/wp-json\/wp\/v2\/posts\/260\/revisions"}],"predecessor-version":[{"id":262,"href":"https:\/\/latinaradio.cl\/index.php\/wp-json\/wp\/v2\/posts\/260\/revisions\/262"}],"wp:featuredmedia":[{"embeddable":true,"href":"https:\/\/latinaradio.cl\/index.php\/wp-json\/wp\/v2\/media\/261"}],"wp:attachment":[{"href":"https:\/\/latinaradio.cl\/index.php\/wp-json\/wp\/v2\/media?parent=260"}],"wp:term":[{"taxonomy":"category","embeddable":true,"href":"https:\/\/latinaradio.cl\/index.php\/wp-json\/wp\/v2\/categories?post=260"},{"taxonomy":"post_tag","embeddable":true,"href":"https:\/\/latinaradio.cl\/index.php\/wp-json\/wp\/v2\/tags?post=260"}],"curies":[{"name":"wp","href":"https:\/\/api.w.org\/{rel}","templated":true}]}}