{"id":294,"date":"2025-04-25T00:15:41","date_gmt":"2025-04-25T03:15:41","guid":{"rendered":"https:\/\/latinaradio.cl\/?p=294"},"modified":"2025-04-25T00:15:41","modified_gmt":"2025-04-25T03:15:41","slug":"canciones-del-viento-publican-primer-libro-sobre-la-historia-de-las-penas-folkloricas-en-valparaiso","status":"publish","type":"post","link":"https:\/\/latinaradio.cl\/index.php\/2025\/04\/25\/canciones-del-viento-publican-primer-libro-sobre-la-historia-de-las-penas-folkloricas-en-valparaiso\/","title":{"rendered":"&#8220;Canciones del viento&#8221;: Publican primer libro sobre la historia de las pe\u00f1as folkl\u00f3ricas en Valpara\u00edso"},"content":{"rendered":"<article class=\"text-token-text-primary w-full\" dir=\"auto\" data-testid=\"conversation-turn-26\" data-scroll-anchor=\"false\">\n<div class=\"text-base my-auto mx-auto py-5 [--thread-content-margin:--spacing(4)] @[37rem]:[--thread-content-margin:--spacing(6)] @[70rem]:[--thread-content-margin:--spacing(12)] px-(--thread-content-margin)\">\n<div class=\"[--thread-content-max-width:32rem] @[34rem]:[--thread-content-max-width:40rem] @[64rem]:[--thread-content-max-width:48rem] mx-auto flex max-w-(--thread-content-max-width) flex-1 text-base gap-4 md:gap-5 lg:gap-6 group\/turn-messages focus-visible:outline-hidden\" tabindex=\"-1\">\n<div class=\"group\/conversation-turn relative flex w-full min-w-0 flex-col agent-turn\">\n<div class=\"relative flex-col gap-1 md:gap-3\">\n<div class=\"flex max-w-full flex-col grow\">\n<div class=\"min-h-8 text-message relative flex w-full flex-col items-end gap-2 text-start break-words whitespace-normal [.text-message+&amp;]:mt-5\" dir=\"auto\" data-message-author-role=\"assistant\" data-message-id=\"f8a004b1-e1e6-4f2f-81aa-02ae119966e1\" data-message-model-slug=\"gpt-4o\">\n<div class=\"flex w-full flex-col gap-1 empty:hidden first:pt-[3px]\">\n<div class=\"markdown prose dark:prose-invert w-full break-words dark\"><\/div>\n<\/div>\n<\/div>\n<\/div>\n<\/div>\n<\/div>\n<\/div>\n<\/div>\n<\/article>\n<article class=\"text-token-text-primary w-full\" dir=\"auto\" data-testid=\"conversation-turn-28\" data-scroll-anchor=\"true\">\n<div class=\"text-base my-auto mx-auto py-5 [--thread-content-margin:--spacing(4)] @[37rem]:[--thread-content-margin:--spacing(6)] @[70rem]:[--thread-content-margin:--spacing(12)] px-(--thread-content-margin)\">\n<div class=\"[--thread-content-max-width:32rem] @[34rem]:[--thread-content-max-width:40rem] @[64rem]:[--thread-content-max-width:48rem] mx-auto flex max-w-(--thread-content-max-width) flex-1 text-base gap-4 md:gap-5 lg:gap-6 group\/turn-messages focus-visible:outline-hidden\" tabindex=\"-1\">\n<div class=\"group\/conversation-turn relative flex w-full min-w-0 flex-col agent-turn\">\n<div class=\"relative flex-col gap-1 md:gap-3\">\n<div class=\"flex max-w-full flex-col grow\">\n<div class=\"min-h-8 text-message relative flex w-full flex-col items-end gap-2 text-start break-words whitespace-normal [.text-message+&amp;]:mt-5\" dir=\"auto\" data-message-author-role=\"assistant\" data-message-id=\"9ed62fda-2972-44a3-8bf8-2a6df3b4ef52\" data-message-model-slug=\"gpt-4o\">\n<div class=\"flex w-full flex-col gap-1 empty:hidden first:pt-[3px]\">\n<div class=\"markdown prose dark:prose-invert w-full break-words dark\">\n<p class=\"\" data-start=\"216\" data-end=\"695\">Este viernes 25 de abril, a las 18:00 horas, se presentar\u00e1 en el Sal\u00f3n de Honor de la Municipalidad de Valpara\u00edso <em data-start=\"330\" data-end=\"352\">Canciones del viento<\/em>, el primer libro que aborda de forma sistem\u00e1tica la historia de las pe\u00f1as folkl\u00f3ricas en la regi\u00f3n. La obra, escrita por Catalina Jord\u00e1n Gonz\u00e1lez y Cristian Gonz\u00e1lez Farf\u00e1n, y publicada por RIL Editores, reconstruye un periodo clave entre los a\u00f1os 1965 y 1986, rescatando un fragmento pr\u00e1cticamente desconocido de la memoria cultural porte\u00f1a.<\/p>\n<p class=\"\" data-start=\"697\" data-end=\"1147\">Basado en testimonios de protagonistas, adem\u00e1s de una extensa revisi\u00f3n de prensa y bibliograf\u00eda de la \u00e9poca, <em data-start=\"806\" data-end=\"828\">Canciones del viento<\/em> recorre la historia de las pe\u00f1as folkl\u00f3ricas que florecieron en Valpara\u00edso, Vi\u00f1a del Mar y Villa Alemana. Estos espacios fueron fundamentales en la difusi\u00f3n de la m\u00fasica de ra\u00edz folkl\u00f3rica, el canto social y la cultura popular, convirti\u00e9ndose en verdaderos puntos de encuentro para artistas, estudiantes y comunidades.<\/p>\n<p class=\"\" data-start=\"1149\" data-end=\"1527\">Uno de los cap\u00edtulos m\u00e1s destacados del libro se centra en la Pe\u00f1a Folkl\u00f3rica de la Universidad de Chile, sede Valpara\u00edso, que cont\u00f3 con la participaci\u00f3n de figuras como Osvaldo \u201cGitano\u201d Rodr\u00edguez y Payo Grondona. Tambi\u00e9n se relatan las visitas de grandes exponentes de la Nueva Canci\u00f3n Chilena y de la m\u00fasica latinoamericana, que marcaron un hito en la escena musical regional.<\/p>\n<p class=\"\" data-start=\"1529\" data-end=\"1939\">Con la llegada de la dictadura c\u00edvico-militar en 1973, estos espacios enfrentaron un cambio forzado en su orientaci\u00f3n. Muchas pe\u00f1as pasaron de ser centros de expresi\u00f3n art\u00edstica a convertirse en refugios culturales, donde la m\u00fasica se transform\u00f3 en un acto de resistencia. Este giro, as\u00ed como las estrategias de supervivencia y creaci\u00f3n en un contexto de represi\u00f3n, tambi\u00e9n es parte del enfoque de los autores.<\/p>\n<h3 class=\"\" data-start=\"1941\" data-end=\"1962\">Sobre sus autores<\/h3>\n<p class=\"\" data-start=\"1964\" data-end=\"2324\">Catalina Jord\u00e1n Gonz\u00e1lez (1982) es profesora de Educaci\u00f3n Musical de la Universidad de Playa Ancha, licenciada en Folklore por la Universidad Nacional de las Artes de Argentina y actual estudiante de un Mag\u00edster en Creaci\u00f3n Musical en la Universidad Nacional de Tres de Febrero. Adem\u00e1s de ser investigadora y compositora, es luthier de instrumentos de arcilla.<\/p>\n<p class=\"\" data-start=\"2326\" data-end=\"2661\">Cristian Gonz\u00e1lez Farf\u00e1n (1980), por su parte, es periodista de la Universidad de Santiago de Chile y coautor del libro <em data-start=\"2446\" data-end=\"2537\">Ecos del tiempo subterr\u00e1neo. Las pe\u00f1as en Santiago durante el r\u00e9gimen militar (1973-1983)<\/em>, obra ganadora del Premio Escrituras de la Memoria 2008. Actualmente dirige el proyecto de memoria musical Agenciatrova.cl.<\/p>\n<p class=\"\" data-start=\"2668\" data-end=\"2948\">Este libro es una invitaci\u00f3n a revivir una \u00e9poca clave de la historia cultural de nuestra regi\u00f3n, y a valorar las ra\u00edces de una m\u00fasica que sigue resonando con fuerza en la identidad del Puerto.<\/p>\n<p data-start=\"2668\" data-end=\"2948\"><img decoding=\"async\" loading=\"lazy\" class=\" wp-image-296 aligncenter\" src=\"https:\/\/latinaradio.cl\/wp-content\/uploads\/2025\/04\/penas-2-240x300.jpg\" alt=\"\" width=\"313\" height=\"391\" srcset=\"https:\/\/latinaradio.cl\/wp-content\/uploads\/2025\/04\/penas-2-240x300.jpg 240w, https:\/\/latinaradio.cl\/wp-content\/uploads\/2025\/04\/penas-2-768x960.jpg 768w, https:\/\/latinaradio.cl\/wp-content\/uploads\/2025\/04\/penas-2.jpg 784w\" sizes=\"(max-width: 313px) 100vw, 313px\"><\/p>\n<\/div>\n<\/div>\n<\/div>\n<\/div>\n<\/div>\n<\/div>\n<\/div>\n<\/div>\n<\/article>\n","protected":false},"excerpt":{"rendered":"<p>Este viernes 25 de abril, a las 18:00 horas, se presentar\u00e1 en el Sal\u00f3n de Honor de la Municipalidad de Valpara\u00edso Canciones del viento, el primer libro que aborda de forma sistem\u00e1tica la historia de las pe\u00f1as folkl\u00f3ricas en la regi\u00f3n. La obra, escrita por Catalina Jord\u00e1n Gonz\u00e1lez y Cristian Gonz\u00e1lez Farf\u00e1n, y publicada por [&hellip;]<\/p>\n","protected":false},"author":2,"featured_media":295,"comment_status":"closed","ping_status":"open","sticky":false,"template":"","format":"standard","meta":[],"categories":[8],"tags":[],"_links":{"self":[{"href":"https:\/\/latinaradio.cl\/index.php\/wp-json\/wp\/v2\/posts\/294"}],"collection":[{"href":"https:\/\/latinaradio.cl\/index.php\/wp-json\/wp\/v2\/posts"}],"about":[{"href":"https:\/\/latinaradio.cl\/index.php\/wp-json\/wp\/v2\/types\/post"}],"author":[{"embeddable":true,"href":"https:\/\/latinaradio.cl\/index.php\/wp-json\/wp\/v2\/users\/2"}],"replies":[{"embeddable":true,"href":"https:\/\/latinaradio.cl\/index.php\/wp-json\/wp\/v2\/comments?post=294"}],"version-history":[{"count":1,"href":"https:\/\/latinaradio.cl\/index.php\/wp-json\/wp\/v2\/posts\/294\/revisions"}],"predecessor-version":[{"id":297,"href":"https:\/\/latinaradio.cl\/index.php\/wp-json\/wp\/v2\/posts\/294\/revisions\/297"}],"wp:featuredmedia":[{"embeddable":true,"href":"https:\/\/latinaradio.cl\/index.php\/wp-json\/wp\/v2\/media\/295"}],"wp:attachment":[{"href":"https:\/\/latinaradio.cl\/index.php\/wp-json\/wp\/v2\/media?parent=294"}],"wp:term":[{"taxonomy":"category","embeddable":true,"href":"https:\/\/latinaradio.cl\/index.php\/wp-json\/wp\/v2\/categories?post=294"},{"taxonomy":"post_tag","embeddable":true,"href":"https:\/\/latinaradio.cl\/index.php\/wp-json\/wp\/v2\/tags?post=294"}],"curies":[{"name":"wp","href":"https:\/\/api.w.org\/{rel}","templated":true}]}}