{"id":309,"date":"2025-04-29T23:20:08","date_gmt":"2025-04-30T02:20:08","guid":{"rendered":"https:\/\/latinaradio.cl\/?p=309"},"modified":"2025-04-29T23:20:08","modified_gmt":"2025-04-30T02:20:08","slug":"region-de-valparaiso-registra-una-tasa-de-desocupacion-de-91-superando-el-promedio-nacional","status":"publish","type":"post","link":"https:\/\/latinaradio.cl\/index.php\/2025\/04\/29\/region-de-valparaiso-registra-una-tasa-de-desocupacion-de-91-superando-el-promedio-nacional\/","title":{"rendered":"Regi\u00f3n de Valpara\u00edso registra una tasa de desocupaci\u00f3n de 9,1%, superando el promedio nacional"},"content":{"rendered":"<p class=\"\" data-start=\"257\" data-end=\"716\">La regi\u00f3n de Valpara\u00edso alcanz\u00f3 una tasa de desocupaci\u00f3n del 9,1% durante el trimestre m\u00f3vil enero-marzo de 2025, seg\u00fan cifras publicadas este martes 29 de abril por el Instituto Nacional de Estad\u00edsticas (INE). Esta cifra representa un aumento de 0,2 puntos porcentuales respecto al mismo periodo del a\u00f1o anterior y de 0,9 puntos en comparaci\u00f3n con el trimestre m\u00f3vil anterior (diciembre 2024 &#8211; febrero 2025), cuando la desocupaci\u00f3n regional se situ\u00f3 en 8,2%.<\/p>\n<p class=\"\" data-start=\"718\" data-end=\"875\">Con estos n\u00fameros, Valpara\u00edso se posiciona por sobre el promedio nacional, que alcanz\u00f3 un 8,7%, es decir, 0,4 puntos porcentuales menos que la tasa regional.<\/p>\n<p class=\"\" data-start=\"877\" data-end=\"1132\">El alza en la desocupaci\u00f3n se explic\u00f3 por un aumento de la fuerza de trabajo (0,2%), superior al crecimiento de las personas ocupadas (0,1%). En t\u00e9rminos de g\u00e9nero, la tasa de desocupaci\u00f3n femenina lleg\u00f3 a 9,2%, mientras que la de los hombres fue de 9,0%.<\/p>\n<h3 class=\"\" data-start=\"1134\" data-end=\"1166\"><strong data-start=\"1138\" data-end=\"1166\">Detalles de la ocupaci\u00f3n<\/strong><\/h3>\n<p class=\"\" data-start=\"1168\" data-end=\"1452\">En los \u00faltimos doce meses, el n\u00famero de personas ocupadas creci\u00f3 en un leve 0,1%, lo que equivale a 634 personas m\u00e1s, principalmente por el aumento del empleo entre mujeres (1,2%). Por grupo etario, el mayor incremento se registr\u00f3 en el segmento de 35 a 54 a\u00f1os, con un alza del 3,5%.<\/p>\n<p class=\"\" data-start=\"1454\" data-end=\"1542\">En cuanto a los sectores econ\u00f3micos, los mayores aumentos en el empleo se observaron en:<\/p>\n<ul data-start=\"1543\" data-end=\"1632\">\n<li class=\"\" data-start=\"1543\" data-end=\"1563\">\n<p class=\"\" data-start=\"1545\" data-end=\"1563\">Transporte: +13,0%<\/p>\n<\/li>\n<li class=\"\" data-start=\"1564\" data-end=\"1585\">\n<p class=\"\" data-start=\"1566\" data-end=\"1585\">Construcci\u00f3n: +9,7%<\/p>\n<\/li>\n<li class=\"\" data-start=\"1586\" data-end=\"1632\">\n<p class=\"\" data-start=\"1588\" data-end=\"1632\">Servicios administrativos y de apoyo: +20,9%<\/p>\n<\/li>\n<\/ul>\n<p class=\"\" data-start=\"1634\" data-end=\"1701\">Por categor\u00eda ocupacional, se destac\u00f3 el crecimiento del empleo en:<\/p>\n<ul data-start=\"1702\" data-end=\"1772\">\n<li class=\"\" data-start=\"1702\" data-end=\"1742\">\n<p class=\"\" data-start=\"1704\" data-end=\"1742\">Personal de servicio dom\u00e9stico: +25,1%<\/p>\n<\/li>\n<li class=\"\" data-start=\"1743\" data-end=\"1772\">\n<p class=\"\" data-start=\"1745\" data-end=\"1772\">Asalariadas formales: +0,8%<\/p>\n<\/li>\n<\/ul>\n<h3 class=\"\" data-start=\"1774\" data-end=\"1812\"><strong data-start=\"1778\" data-end=\"1812\">Informalidad laboral a la baja<\/strong><\/h3>\n<p class=\"\" data-start=\"1814\" data-end=\"2107\">La tasa de ocupaci\u00f3n informal alcanz\u00f3 el 29,2%, lo que representa una disminuci\u00f3n de 1,2 puntos porcentuales en doce meses. El n\u00famero de personas ocupadas de forma informal cay\u00f3 un 3,6%, afectado principalmente por la disminuci\u00f3n entre los hombres (-8,6%) y los asalariados informales (-4,9%).<\/p>\n<p data-start=\"1814\" data-end=\"2107\">\n","protected":false},"excerpt":{"rendered":"<p>La regi\u00f3n de Valpara\u00edso alcanz\u00f3 una tasa de desocupaci\u00f3n del 9,1% durante el trimestre m\u00f3vil enero-marzo de 2025, seg\u00fan cifras publicadas este martes 29 de abril por el Instituto Nacional de Estad\u00edsticas (INE). Esta cifra representa un aumento de 0,2 puntos porcentuales respecto al mismo periodo del a\u00f1o anterior y de 0,9 puntos en comparaci\u00f3n [&hellip;]<\/p>\n","protected":false},"author":2,"featured_media":310,"comment_status":"closed","ping_status":"open","sticky":false,"template":"","format":"standard","meta":[],"categories":[3],"tags":[],"_links":{"self":[{"href":"https:\/\/latinaradio.cl\/index.php\/wp-json\/wp\/v2\/posts\/309"}],"collection":[{"href":"https:\/\/latinaradio.cl\/index.php\/wp-json\/wp\/v2\/posts"}],"about":[{"href":"https:\/\/latinaradio.cl\/index.php\/wp-json\/wp\/v2\/types\/post"}],"author":[{"embeddable":true,"href":"https:\/\/latinaradio.cl\/index.php\/wp-json\/wp\/v2\/users\/2"}],"replies":[{"embeddable":true,"href":"https:\/\/latinaradio.cl\/index.php\/wp-json\/wp\/v2\/comments?post=309"}],"version-history":[{"count":1,"href":"https:\/\/latinaradio.cl\/index.php\/wp-json\/wp\/v2\/posts\/309\/revisions"}],"predecessor-version":[{"id":312,"href":"https:\/\/latinaradio.cl\/index.php\/wp-json\/wp\/v2\/posts\/309\/revisions\/312"}],"wp:featuredmedia":[{"embeddable":true,"href":"https:\/\/latinaradio.cl\/index.php\/wp-json\/wp\/v2\/media\/310"}],"wp:attachment":[{"href":"https:\/\/latinaradio.cl\/index.php\/wp-json\/wp\/v2\/media?parent=309"}],"wp:term":[{"taxonomy":"category","embeddable":true,"href":"https:\/\/latinaradio.cl\/index.php\/wp-json\/wp\/v2\/categories?post=309"},{"taxonomy":"post_tag","embeddable":true,"href":"https:\/\/latinaradio.cl\/index.php\/wp-json\/wp\/v2\/tags?post=309"}],"curies":[{"name":"wp","href":"https:\/\/api.w.org\/{rel}","templated":true}]}}