{"id":317,"date":"2025-04-29T23:48:49","date_gmt":"2025-04-30T02:48:49","guid":{"rendered":"https:\/\/latinaradio.cl\/?p=317"},"modified":"2025-04-29T23:50:08","modified_gmt":"2025-04-30T02:50:08","slug":"talento-femenino-de-la-region-de-valparaiso-brilla-en-cinelebu-2025","status":"publish","type":"post","link":"https:\/\/latinaradio.cl\/index.php\/2025\/04\/29\/talento-femenino-de-la-region-de-valparaiso-brilla-en-cinelebu-2025\/","title":{"rendered":"Talento femenino de la Regi\u00f3n de Valpara\u00edso brilla en CINELEBU 2025"},"content":{"rendered":"<p class=\"\" data-start=\"192\" data-end=\"396\">Creadoras de Valpara\u00edso e Isla de Pascua destacaron en la 25\u00aa edici\u00f3n de CINELEBU, el festival de cortometrajes m\u00e1s importante de Latinoam\u00e9rica y \u00fanico en Chile que califica para los premios Oscar y Goya.<\/p>\n<p class=\"\" data-start=\"398\" data-end=\"689\">Entre las ganadoras, <strong data-start=\"419\" data-end=\"438\">Sof\u00eda Rodr\u00edguez<\/strong> se llev\u00f3 dos reconocimientos por su cortometraje <em data-start=\"488\" data-end=\"498\">Marahoro<\/em>, inspirado en la vida y cultura de Isla de Pascua: <strong data-start=\"550\" data-end=\"576\">Mejor Ficci\u00f3n Regional<\/strong> y <strong data-start=\"579\" data-end=\"602\">Aporte a la Cultura<\/strong>. La productora general del proyecto, <strong data-start=\"640\" data-end=\"660\">Paulina Alborn\u00f3s<\/strong>, valor\u00f3 el reconocimiento:<\/p>\n<blockquote data-start=\"690\" data-end=\"997\">\n<p class=\"\" data-start=\"692\" data-end=\"997\">\u201cEstamos muy agradecidos de que el corto haya sido visto y premiado. Fue algo inesperado pero muy emocionante\u201d.<br data-start=\"803\" data-end=\"806\">Sobre el origen del filme, explic\u00f3:<br data-start=\"841\" data-end=\"844\">\u201cLa directora ha visitado muchas veces la isla y quiso retratar con cari\u00f1o la vida de los ni\u00f1os, mezclando historias reales con su propia imaginaci\u00f3n\u201d.<\/p>\n<\/blockquote>\n<p class=\"\" data-start=\"999\" data-end=\"1144\">Por su parte, la actriz porte\u00f1a <strong data-start=\"1031\" data-end=\"1045\">Ana Burgos<\/strong> fue reconocida como <strong data-start=\"1066\" data-end=\"1111\">Mejor Actriz en la categor\u00eda Chileactores<\/strong> por su papel en <em data-start=\"1128\" data-end=\"1141\">Vasos Rotos<\/em>:<\/p>\n<blockquote data-start=\"1145\" data-end=\"1495\">\n<p class=\"\" data-start=\"1147\" data-end=\"1495\">\u201cMe llena de orgullo haber sido reconocida por tremendas actrices y actores, y m\u00e1s a\u00fan en un festival tan importante como CINELEBU\u201d.<br data-start=\"1279\" data-end=\"1282\">Destac\u00f3 adem\u00e1s el proceso creativo del corto:<br data-start=\"1327\" data-end=\"1330\">\u201cFue muy entretenido, porque era una historia de fantas\u00eda que nos dio mucha libertad. Estoy agradecida de la confianza que me dieron para crear junto al director\u201d.<\/p>\n<\/blockquote>\n<p class=\"\" data-start=\"1497\" data-end=\"1674\">CINELEBU 2025 cerr\u00f3 con una fuerte presencia de mujeres en sus principales categor\u00edas, consolidando su compromiso con la visibilizaci\u00f3n de nuevas voces del cine latinoamericano.<\/p>\n","protected":false},"excerpt":{"rendered":"<p>Creadoras de Valpara\u00edso e Isla de Pascua destacaron en la 25\u00aa edici\u00f3n de CINELEBU, el festival de cortometrajes m\u00e1s importante de Latinoam\u00e9rica y \u00fanico en Chile que califica para los premios Oscar y Goya. Entre las ganadoras, Sof\u00eda Rodr\u00edguez se llev\u00f3 dos reconocimientos por su cortometraje Marahoro, inspirado en la vida y cultura de Isla [&hellip;]<\/p>\n","protected":false},"author":2,"featured_media":318,"comment_status":"closed","ping_status":"open","sticky":false,"template":"","format":"standard","meta":[],"categories":[8],"tags":[],"_links":{"self":[{"href":"https:\/\/latinaradio.cl\/index.php\/wp-json\/wp\/v2\/posts\/317"}],"collection":[{"href":"https:\/\/latinaradio.cl\/index.php\/wp-json\/wp\/v2\/posts"}],"about":[{"href":"https:\/\/latinaradio.cl\/index.php\/wp-json\/wp\/v2\/types\/post"}],"author":[{"embeddable":true,"href":"https:\/\/latinaradio.cl\/index.php\/wp-json\/wp\/v2\/users\/2"}],"replies":[{"embeddable":true,"href":"https:\/\/latinaradio.cl\/index.php\/wp-json\/wp\/v2\/comments?post=317"}],"version-history":[{"count":1,"href":"https:\/\/latinaradio.cl\/index.php\/wp-json\/wp\/v2\/posts\/317\/revisions"}],"predecessor-version":[{"id":319,"href":"https:\/\/latinaradio.cl\/index.php\/wp-json\/wp\/v2\/posts\/317\/revisions\/319"}],"wp:featuredmedia":[{"embeddable":true,"href":"https:\/\/latinaradio.cl\/index.php\/wp-json\/wp\/v2\/media\/318"}],"wp:attachment":[{"href":"https:\/\/latinaradio.cl\/index.php\/wp-json\/wp\/v2\/media?parent=317"}],"wp:term":[{"taxonomy":"category","embeddable":true,"href":"https:\/\/latinaradio.cl\/index.php\/wp-json\/wp\/v2\/categories?post=317"},{"taxonomy":"post_tag","embeddable":true,"href":"https:\/\/latinaradio.cl\/index.php\/wp-json\/wp\/v2\/tags?post=317"}],"curies":[{"name":"wp","href":"https:\/\/api.w.org\/{rel}","templated":true}]}}