{"id":323,"date":"2025-04-30T21:58:06","date_gmt":"2025-05-01T00:58:06","guid":{"rendered":"https:\/\/latinaradio.cl\/?p=323"},"modified":"2025-04-30T21:58:06","modified_gmt":"2025-05-01T00:58:06","slug":"gobierno-y-cut-acuerdan-nueva-alza-del-sueldo-minimo-llegara-a-529-mil-en-mayo","status":"publish","type":"post","link":"https:\/\/latinaradio.cl\/index.php\/2025\/04\/30\/gobierno-y-cut-acuerdan-nueva-alza-del-sueldo-minimo-llegara-a-529-mil-en-mayo\/","title":{"rendered":"Gobierno y CUT acuerdan nueva alza del sueldo m\u00ednimo: llegar\u00e1 a $529 mil en mayo"},"content":{"rendered":"<p class=\"\" data-start=\"188\" data-end=\"582\">En una actividad en el Ministerio de Hacienda, los ministros Mario Marcel (Hacienda) y Giorgio Boccardo (Trabajo) firmaron un nuevo acuerdo con la Central Unitaria de Trabajadores (CUT) que establece un <strong data-start=\"391\" data-end=\"474\">aumento del sueldo m\u00ednimo de $510 mil a $529 mil a partir del 1 de mayo de 2025<\/strong>, lo que representa un alza del 3,6%. Adem\u00e1s, se contempla una <strong data-start=\"537\" data-end=\"581\">nueva subida a $539 mil en enero de 2026<\/strong>.<\/p>\n<p class=\"\" data-start=\"584\" data-end=\"837\">El acuerdo, que ahora deber\u00e1 ser aprobado por el Congreso, tambi\u00e9n incluye <strong data-start=\"659\" data-end=\"758\">reajustes proporcionales en beneficios como la asignaci\u00f3n familiar y el subsidio \u00fanico familiar<\/strong>, que quedar\u00e1n en $22.007 (primer tramo), $13.505 (segundo) y $4.267 (tercero).<\/p>\n<p class=\"\" data-start=\"839\" data-end=\"1182\">Se anunci\u00f3 adem\u00e1s <strong data-start=\"857\" data-end=\"894\">una inyecci\u00f3n de recursos al FEPP<\/strong> para mantener el precio de la parafina en torno a $1.050 por litro durante el invierno, y el compromiso de <strong data-start=\"1002\" data-end=\"1036\">tramitar el subsidio el\u00e9ctrico<\/strong>, actualmente en pausa. Sobre el Bolsillo Electr\u00f3nico, se descart\u00f3 su reactivaci\u00f3n en 2025, aunque se eval\u00faa incluirlo permanentemente desde 2026.<\/p>\n<p class=\"\" data-start=\"1184\" data-end=\"1395\">Desde la CUT, su presidente David Acu\u00f1a valor\u00f3 los avances y reiter\u00f3 la necesidad de caminar hacia un <strong data-start=\"1286\" data-end=\"1305\">\u201csalario vital\u201d<\/strong>, con la meta de <strong data-start=\"1322\" data-end=\"1394\">alcanzar $578 mil en los pr\u00f3ximos a\u00f1os y llegar a $1.000.000 en 2030<\/strong>.<\/p>\n","protected":false},"excerpt":{"rendered":"<p>En una actividad en el Ministerio de Hacienda, los ministros Mario Marcel (Hacienda) y Giorgio Boccardo (Trabajo) firmaron un nuevo acuerdo con la Central Unitaria de Trabajadores (CUT) que establece un aumento del sueldo m\u00ednimo de $510 mil a $529 mil a partir del 1 de mayo de 2025, lo que representa un alza del [&hellip;]<\/p>\n","protected":false},"author":2,"featured_media":324,"comment_status":"closed","ping_status":"open","sticky":false,"template":"","format":"standard","meta":[],"categories":[3],"tags":[],"_links":{"self":[{"href":"https:\/\/latinaradio.cl\/index.php\/wp-json\/wp\/v2\/posts\/323"}],"collection":[{"href":"https:\/\/latinaradio.cl\/index.php\/wp-json\/wp\/v2\/posts"}],"about":[{"href":"https:\/\/latinaradio.cl\/index.php\/wp-json\/wp\/v2\/types\/post"}],"author":[{"embeddable":true,"href":"https:\/\/latinaradio.cl\/index.php\/wp-json\/wp\/v2\/users\/2"}],"replies":[{"embeddable":true,"href":"https:\/\/latinaradio.cl\/index.php\/wp-json\/wp\/v2\/comments?post=323"}],"version-history":[{"count":1,"href":"https:\/\/latinaradio.cl\/index.php\/wp-json\/wp\/v2\/posts\/323\/revisions"}],"predecessor-version":[{"id":325,"href":"https:\/\/latinaradio.cl\/index.php\/wp-json\/wp\/v2\/posts\/323\/revisions\/325"}],"wp:featuredmedia":[{"embeddable":true,"href":"https:\/\/latinaradio.cl\/index.php\/wp-json\/wp\/v2\/media\/324"}],"wp:attachment":[{"href":"https:\/\/latinaradio.cl\/index.php\/wp-json\/wp\/v2\/media?parent=323"}],"wp:term":[{"taxonomy":"category","embeddable":true,"href":"https:\/\/latinaradio.cl\/index.php\/wp-json\/wp\/v2\/categories?post=323"},{"taxonomy":"post_tag","embeddable":true,"href":"https:\/\/latinaradio.cl\/index.php\/wp-json\/wp\/v2\/tags?post=323"}],"curies":[{"name":"wp","href":"https:\/\/api.w.org\/{rel}","templated":true}]}}