{"id":326,"date":"2025-04-30T22:13:28","date_gmt":"2025-05-01T01:13:28","guid":{"rendered":"https:\/\/latinaradio.cl\/?p=326"},"modified":"2025-04-30T22:13:28","modified_gmt":"2025-05-01T01:13:28","slug":"suspenden-servicio-del-tren-puerto-montt-llanquihue-a-solo-un-dia-de-su-inauguracion","status":"publish","type":"post","link":"https:\/\/latinaradio.cl\/index.php\/2025\/04\/30\/suspenden-servicio-del-tren-puerto-montt-llanquihue-a-solo-un-dia-de-su-inauguracion\/","title":{"rendered":"Suspenden servicio del tren Puerto Montt &#8211; Llanquihue a solo un d\u00eda de su inauguraci\u00f3n"},"content":{"rendered":"<p class=\"\" data-start=\"236\" data-end=\"512\">A solo 24 horas de su inauguraci\u00f3n oficial por parte del Presidente Gabriel Boric, el tren que une Puerto Montt, Puerto Varas y Llanquihue fue suspendido temporalmente por la Empresa de Ferrocarriles del Estado (EFE), debido a una <strong data-start=\"467\" data-end=\"511\">revisi\u00f3n preventiva del material rodante<\/strong>.<\/p>\n<p class=\"\" data-start=\"514\" data-end=\"829\">Seg\u00fan inform\u00f3 la empresa, durante el traslado desde Puerto Varas hacia Llanquihue, un <strong data-start=\"600\" data-end=\"674\">objeto contundente impact\u00f3 la bomba de agua del motor del tren TLD 503<\/strong>, lo que oblig\u00f3 a detener los servicios programados para la tarde del mi\u00e9rcoles. La suspensi\u00f3n fue informada directamente a los usuarios en las estaciones.<\/p>\n<p class=\"\" data-start=\"831\" data-end=\"1058\">Desde EFE se\u00f1alaron que esta es una medida de <strong data-start=\"877\" data-end=\"891\">precauci\u00f3n<\/strong>, y que el objetivo es <strong data-start=\"914\" data-end=\"986\">evaluar posibles da\u00f1os antes de retomar la operaci\u00f3n de forma segura<\/strong>. No se inform\u00f3 de personas lesionadas ni de otras afectaciones mayores.<\/p>\n<p class=\"\" data-start=\"1060\" data-end=\"1496\">Este tren fue presentado con entusiasmo por el Gobierno, ya que se trata de una iniciativa pensada para <strong data-start=\"1164\" data-end=\"1217\">mejorar la conectividad en la Regi\u00f3n de Los Lagos<\/strong>, beneficiando directamente a m\u00e1s de <strong data-start=\"1254\" data-end=\"1274\">308 mil personas<\/strong>. El recorrido de 27,4 kil\u00f3metros conecta tres comunas y permite reducir significativamente los tiempos de viaje: <strong data-start=\"1388\" data-end=\"1436\">27 minutos entre Puerto Montt y Puerto Varas<\/strong>, y <strong data-start=\"1440\" data-end=\"1495\">37 minutos en total desde Llanquihue a Puerto Montt<\/strong>.<\/p>\n<p class=\"\" data-start=\"1498\" data-end=\"1713\">Durante la ceremonia de inauguraci\u00f3n, el Presidente Boric destac\u00f3 el impacto que este tipo de obras tiene en la vida cotidiana de la gente, anunciando incluso la posibilidad de <strong data-start=\"1675\" data-end=\"1712\">ampliar los horarios del servicio<\/strong>.<\/p>\n<p class=\"\" data-start=\"1715\" data-end=\"1978\">Sin embargo, esta contingencia genera dudas y cr\u00edticas en redes sociales, especialmente por la cercan\u00eda entre el acto oficial y la suspensi\u00f3n t\u00e9cnica. EFE reiter\u00f3 que la medida es moment\u00e1nea y que se est\u00e1 trabajando para que el tren vuelva a operar a la brevedad.<\/p>\n","protected":false},"excerpt":{"rendered":"<p>A solo 24 horas de su inauguraci\u00f3n oficial por parte del Presidente Gabriel Boric, el tren que une Puerto Montt, Puerto Varas y Llanquihue fue suspendido temporalmente por la Empresa de Ferrocarriles del Estado (EFE), debido a una revisi\u00f3n preventiva del material rodante. Seg\u00fan inform\u00f3 la empresa, durante el traslado desde Puerto Varas hacia Llanquihue, [&hellip;]<\/p>\n","protected":false},"author":2,"featured_media":327,"comment_status":"closed","ping_status":"open","sticky":false,"template":"","format":"standard","meta":[],"categories":[3],"tags":[],"_links":{"self":[{"href":"https:\/\/latinaradio.cl\/index.php\/wp-json\/wp\/v2\/posts\/326"}],"collection":[{"href":"https:\/\/latinaradio.cl\/index.php\/wp-json\/wp\/v2\/posts"}],"about":[{"href":"https:\/\/latinaradio.cl\/index.php\/wp-json\/wp\/v2\/types\/post"}],"author":[{"embeddable":true,"href":"https:\/\/latinaradio.cl\/index.php\/wp-json\/wp\/v2\/users\/2"}],"replies":[{"embeddable":true,"href":"https:\/\/latinaradio.cl\/index.php\/wp-json\/wp\/v2\/comments?post=326"}],"version-history":[{"count":1,"href":"https:\/\/latinaradio.cl\/index.php\/wp-json\/wp\/v2\/posts\/326\/revisions"}],"predecessor-version":[{"id":328,"href":"https:\/\/latinaradio.cl\/index.php\/wp-json\/wp\/v2\/posts\/326\/revisions\/328"}],"wp:featuredmedia":[{"embeddable":true,"href":"https:\/\/latinaradio.cl\/index.php\/wp-json\/wp\/v2\/media\/327"}],"wp:attachment":[{"href":"https:\/\/latinaradio.cl\/index.php\/wp-json\/wp\/v2\/media?parent=326"}],"wp:term":[{"taxonomy":"category","embeddable":true,"href":"https:\/\/latinaradio.cl\/index.php\/wp-json\/wp\/v2\/categories?post=326"},{"taxonomy":"post_tag","embeddable":true,"href":"https:\/\/latinaradio.cl\/index.php\/wp-json\/wp\/v2\/tags?post=326"}],"curies":[{"name":"wp","href":"https:\/\/api.w.org\/{rel}","templated":true}]}}