{"id":338,"date":"2025-05-04T19:01:09","date_gmt":"2025-05-04T22:01:09","guid":{"rendered":"https:\/\/latinaradio.cl\/?p=338"},"modified":"2025-05-04T19:01:09","modified_gmt":"2025-05-04T22:01:09","slug":"declaran-culpable-a-juez-que-se-dio-a-la-fuga-tras-fatal-accidente-en-concon","status":"publish","type":"post","link":"https:\/\/latinaradio.cl\/index.php\/2025\/05\/04\/declaran-culpable-a-juez-que-se-dio-a-la-fuga-tras-fatal-accidente-en-concon\/","title":{"rendered":"Declaran culpable a juez que se dio a la fuga tras fatal accidente en Conc\u00f3n"},"content":{"rendered":"<p class=\"\" data-start=\"190\" data-end=\"480\">El <strong data-start=\"234\" data-end=\"279\">Tribunal Oral en lo Penal de Vi\u00f1a del Mar<\/strong> declar\u00f3 <strong data-start=\"288\" data-end=\"329\">culpable al juez Juan Carlos Maggiolo<\/strong>, quien protagoniz\u00f3 un accidente de tr\u00e1nsito con resultado fatal en agosto de 2023 en la comuna de Conc\u00f3n, y posteriormente se dio a la fuga del lugar.<\/p>\n<p class=\"\" data-start=\"482\" data-end=\"862\">Los hechos ocurrieron en la intersecci\u00f3n de <strong data-start=\"526\" data-end=\"561\">Los Pellines con Francisco Soza<\/strong>, donde, seg\u00fan la investigaci\u00f3n del <strong data-start=\"597\" data-end=\"619\">Ministerio P\u00fablico<\/strong>, un veh\u00edculo marca Nissan no respet\u00f3 el ceda el paso, colisionando con otro autom\u00f3vil. Este \u00faltimo, que abandon\u00f3 la escena del accidente, fue posteriormente identificado como propiedad del juez Maggiolo, quien conduc\u00eda al momento del impacto.<\/p>\n<p class=\"\" data-start=\"864\" data-end=\"1238\">Como consecuencia del choque, la <strong data-start=\"897\" data-end=\"941\">copiloto del veh\u00edculo impactado falleci\u00f3<\/strong>, lo que agrav\u00f3 a\u00fan m\u00e1s el caso, sumando la huida del responsable como un agravante dentro del proceso judicial. El juez, que <strong data-start=\"1067\" data-end=\"1111\">se encuentra suspendido de sus funciones<\/strong>, fue formalizado tiempo despu\u00e9s y enfrent\u00f3 el juicio en calidad de imputado por cuasidelito de homicidio y omisi\u00f3n de socorro.<\/p>\n<p class=\"\" data-start=\"1240\" data-end=\"1566\">Tras evaluar las pruebas y testimonios, los jueces del tribunal resolvieron declarar su <strong data-start=\"1328\" data-end=\"1344\">culpabilidad<\/strong>. La <strong data-start=\"1349\" data-end=\"1403\">sentencia ser\u00e1 dada a conocer el pr\u00f3ximo 5 de mayo<\/strong>, d\u00eda en que se sabr\u00e1 si Maggiolo enfrentar\u00e1 penas de c\u00e1rcel efectiva o alguna medida sustitutiva, adem\u00e1s de eventuales inhabilidades para ejercer cargos p\u00fablicos.<\/p>\n<p class=\"\" data-start=\"1568\" data-end=\"1924\">El caso ha generado fuerte repercusi\u00f3n en la comunidad jur\u00eddica y entre la ciudadan\u00eda, al tratarse de un magistrado que, lejos de colaborar con la justicia, intent\u00f3 eludir su responsabilidad en un hecho tan grave como una muerte en el tr\u00e1nsito. Diversas organizaciones han solicitado que se tomen medidas ejemplares para garantizar la igualdad ante la ley.<\/p>\n","protected":false},"excerpt":{"rendered":"<p>El Tribunal Oral en lo Penal de Vi\u00f1a del Mar declar\u00f3 culpable al juez Juan Carlos Maggiolo, quien protagoniz\u00f3 un accidente de tr\u00e1nsito con resultado fatal en agosto de 2023 en la comuna de Conc\u00f3n, y posteriormente se dio a la fuga del lugar. Los hechos ocurrieron en la intersecci\u00f3n de Los Pellines con Francisco [&hellip;]<\/p>\n","protected":false},"author":2,"featured_media":339,"comment_status":"closed","ping_status":"open","sticky":false,"template":"","format":"standard","meta":[],"categories":[2],"tags":[],"_links":{"self":[{"href":"https:\/\/latinaradio.cl\/index.php\/wp-json\/wp\/v2\/posts\/338"}],"collection":[{"href":"https:\/\/latinaradio.cl\/index.php\/wp-json\/wp\/v2\/posts"}],"about":[{"href":"https:\/\/latinaradio.cl\/index.php\/wp-json\/wp\/v2\/types\/post"}],"author":[{"embeddable":true,"href":"https:\/\/latinaradio.cl\/index.php\/wp-json\/wp\/v2\/users\/2"}],"replies":[{"embeddable":true,"href":"https:\/\/latinaradio.cl\/index.php\/wp-json\/wp\/v2\/comments?post=338"}],"version-history":[{"count":1,"href":"https:\/\/latinaradio.cl\/index.php\/wp-json\/wp\/v2\/posts\/338\/revisions"}],"predecessor-version":[{"id":340,"href":"https:\/\/latinaradio.cl\/index.php\/wp-json\/wp\/v2\/posts\/338\/revisions\/340"}],"wp:featuredmedia":[{"embeddable":true,"href":"https:\/\/latinaradio.cl\/index.php\/wp-json\/wp\/v2\/media\/339"}],"wp:attachment":[{"href":"https:\/\/latinaradio.cl\/index.php\/wp-json\/wp\/v2\/media?parent=338"}],"wp:term":[{"taxonomy":"category","embeddable":true,"href":"https:\/\/latinaradio.cl\/index.php\/wp-json\/wp\/v2\/categories?post=338"},{"taxonomy":"post_tag","embeddable":true,"href":"https:\/\/latinaradio.cl\/index.php\/wp-json\/wp\/v2\/tags?post=338"}],"curies":[{"name":"wp","href":"https:\/\/api.w.org\/{rel}","templated":true}]}}