{"id":341,"date":"2025-05-04T19:26:58","date_gmt":"2025-05-04T22:26:58","guid":{"rendered":"https:\/\/latinaradio.cl\/?p=341"},"modified":"2025-05-04T19:26:58","modified_gmt":"2025-05-04T22:26:58","slug":"limache-revive-el-pasado-con-expo-de-vehiculos-clasicos-y-artesania-local-limache","status":"publish","type":"post","link":"https:\/\/latinaradio.cl\/index.php\/2025\/05\/04\/limache-revive-el-pasado-con-expo-de-vehiculos-clasicos-y-artesania-local-limache\/","title":{"rendered":"Limache revive el pasado con Expo de Veh\u00edculos Cl\u00e1sicos y Artesan\u00eda Local Limache"},"content":{"rendered":"<h3 class=\"\" data-start=\"87\" data-end=\"168\">Una verdadera fiesta patrimonial se vivi\u00f3 este fin de semana en Limache con la realizaci\u00f3n de la <strong data-start=\"297\" data-end=\"327\">Expo de Veh\u00edculos Cl\u00e1sicos<\/strong>, un evento que reuni\u00f3 autom\u00f3viles de colecci\u00f3n de las d\u00e9cadas del <strong data-start=\"394\" data-end=\"417\">30, 40, 50, 60 y 70<\/strong>, todos en excelente estado de conservaci\u00f3n.<\/h3>\n<p class=\"\" data-start=\"463\" data-end=\"823\">La muestra encant\u00f3 a grandes y chicos con modelos ic\u00f3nicos que marcaron \u00e9poca, algunos restaurados con detalles originales, convirti\u00e9ndose en una verdadera c\u00e1psula del tiempo sobre ruedas. El p\u00fablico tuvo la oportunidad de recorrer la historia del automovilismo, conversar con los due\u00f1os de estos veh\u00edculos y tomarse fotograf\u00edas con verdaderas joyas mec\u00e1nicas.<\/p>\n<p class=\"\" data-start=\"825\" data-end=\"1080\">El evento tambi\u00e9n cont\u00f3 con un espacio dedicado a los <strong data-start=\"879\" data-end=\"900\">artesanos locales<\/strong>, quienes ofrecieron una variada gama de productos hechos a mano, desde art\u00edculos decorativos hasta piezas utilitarias, dando un fuerte impulso a la econom\u00eda creativa de la comuna.<\/p>\n<p class=\"\" data-start=\"1082\" data-end=\"1330\"><strong data-start=\"1082\" data-end=\"1106\">Radio Latina 98.5 FM<\/strong> estuvo presente durante la jornada, acompa\u00f1ando a los asistentes con m\u00fasica en vivo, entrevistas y cobertura en terreno, reforzando su compromiso con la difusi\u00f3n de las actividades comunitarias y culturales de Limache.<\/p>\n<p class=\"\" data-start=\"1332\" data-end=\"1539\">La actividad fue gratuita y se transform\u00f3 en una jornada familiar ideal, con gastronom\u00eda local, un ambiente c\u00e1lido y lleno de nostalgia, reafirmando el compromiso de Limache con la cultura y las tradiciones.<\/p>\n<p data-start=\"1332\" data-end=\"1539\"><img decoding=\"async\" loading=\"lazy\" class=\"alignnone  wp-image-343\" src=\"https:\/\/latinaradio.cl\/wp-content\/uploads\/2025\/05\/auto-antiguo-1-225x300.jpeg\" alt=\"\" width=\"212\" height=\"283\" srcset=\"https:\/\/latinaradio.cl\/wp-content\/uploads\/2025\/05\/auto-antiguo-1-225x300.jpeg 225w, https:\/\/latinaradio.cl\/wp-content\/uploads\/2025\/05\/auto-antiguo-1-768x1024.jpeg 768w, https:\/\/latinaradio.cl\/wp-content\/uploads\/2025\/05\/auto-antiguo-1-1152x1536.jpeg 1152w, https:\/\/latinaradio.cl\/wp-content\/uploads\/2025\/05\/auto-antiguo-1.jpeg 1200w\" sizes=\"(max-width: 212px) 100vw, 212px\"> <img decoding=\"async\" loading=\"lazy\" class=\"alignnone  wp-image-344\" src=\"https:\/\/latinaradio.cl\/wp-content\/uploads\/2025\/05\/auto-antiguo-2-300x225.jpeg\" alt=\"\" width=\"379\" height=\"284\" srcset=\"https:\/\/latinaradio.cl\/wp-content\/uploads\/2025\/05\/auto-antiguo-2-300x225.jpeg 300w, https:\/\/latinaradio.cl\/wp-content\/uploads\/2025\/05\/auto-antiguo-2-1024x768.jpeg 1024w, https:\/\/latinaradio.cl\/wp-content\/uploads\/2025\/05\/auto-antiguo-2-768x576.jpeg 768w, https:\/\/latinaradio.cl\/wp-content\/uploads\/2025\/05\/auto-antiguo-2-1536x1152.jpeg 1536w, https:\/\/latinaradio.cl\/wp-content\/uploads\/2025\/05\/auto-antiguo-2.jpeg 1600w\" sizes=\"(max-width: 379px) 100vw, 379px\"> <img decoding=\"async\" loading=\"lazy\" class=\"alignnone  wp-image-345\" src=\"https:\/\/latinaradio.cl\/wp-content\/uploads\/2025\/05\/auto-antiguo-3-300x225.jpeg\" alt=\"\" width=\"376\" height=\"282\" srcset=\"https:\/\/latinaradio.cl\/wp-content\/uploads\/2025\/05\/auto-antiguo-3-300x225.jpeg 300w, https:\/\/latinaradio.cl\/wp-content\/uploads\/2025\/05\/auto-antiguo-3-1024x768.jpeg 1024w, https:\/\/latinaradio.cl\/wp-content\/uploads\/2025\/05\/auto-antiguo-3-768x576.jpeg 768w, https:\/\/latinaradio.cl\/wp-content\/uploads\/2025\/05\/auto-antiguo-3-1536x1152.jpeg 1536w, https:\/\/latinaradio.cl\/wp-content\/uploads\/2025\/05\/auto-antiguo-3.jpeg 1600w\" sizes=\"(max-width: 376px) 100vw, 376px\"><\/p>\n","protected":false},"excerpt":{"rendered":"<p>Una verdadera fiesta patrimonial se vivi\u00f3 este fin de semana en Limache con la realizaci\u00f3n de la Expo de Veh\u00edculos Cl\u00e1sicos, un evento que reuni\u00f3 autom\u00f3viles de colecci\u00f3n de las d\u00e9cadas del 30, 40, 50, 60 y 70, todos en excelente estado de conservaci\u00f3n. La muestra encant\u00f3 a grandes y chicos con modelos ic\u00f3nicos que [&hellip;]<\/p>\n","protected":false},"author":2,"featured_media":342,"comment_status":"closed","ping_status":"open","sticky":false,"template":"","format":"standard","meta":[],"categories":[10],"tags":[],"_links":{"self":[{"href":"https:\/\/latinaradio.cl\/index.php\/wp-json\/wp\/v2\/posts\/341"}],"collection":[{"href":"https:\/\/latinaradio.cl\/index.php\/wp-json\/wp\/v2\/posts"}],"about":[{"href":"https:\/\/latinaradio.cl\/index.php\/wp-json\/wp\/v2\/types\/post"}],"author":[{"embeddable":true,"href":"https:\/\/latinaradio.cl\/index.php\/wp-json\/wp\/v2\/users\/2"}],"replies":[{"embeddable":true,"href":"https:\/\/latinaradio.cl\/index.php\/wp-json\/wp\/v2\/comments?post=341"}],"version-history":[{"count":1,"href":"https:\/\/latinaradio.cl\/index.php\/wp-json\/wp\/v2\/posts\/341\/revisions"}],"predecessor-version":[{"id":346,"href":"https:\/\/latinaradio.cl\/index.php\/wp-json\/wp\/v2\/posts\/341\/revisions\/346"}],"wp:featuredmedia":[{"embeddable":true,"href":"https:\/\/latinaradio.cl\/index.php\/wp-json\/wp\/v2\/media\/342"}],"wp:attachment":[{"href":"https:\/\/latinaradio.cl\/index.php\/wp-json\/wp\/v2\/media?parent=341"}],"wp:term":[{"taxonomy":"category","embeddable":true,"href":"https:\/\/latinaradio.cl\/index.php\/wp-json\/wp\/v2\/categories?post=341"},{"taxonomy":"post_tag","embeddable":true,"href":"https:\/\/latinaradio.cl\/index.php\/wp-json\/wp\/v2\/tags?post=341"}],"curies":[{"name":"wp","href":"https:\/\/api.w.org\/{rel}","templated":true}]}}