{"id":3516,"date":"2025-11-11T18:00:25","date_gmt":"2025-11-11T21:00:25","guid":{"rendered":"https:\/\/latinaradio.cl\/?p=3516"},"modified":"2025-11-11T18:00:25","modified_gmt":"2025-11-11T21:00:25","slug":"efe-valparaiso-anuncia-plan-especial-de-transporte-gratuito-para-jornada-electoral-del-domingo","status":"publish","type":"post","link":"https:\/\/latinaradio.cl\/index.php\/2025\/11\/11\/efe-valparaiso-anuncia-plan-especial-de-transporte-gratuito-para-jornada-electoral-del-domingo\/","title":{"rendered":"EFE Valpara\u00edso anuncia plan especial de transporte gratuito para jornada electoral del domingo"},"content":{"rendered":"<p data-start=\"256\" data-end=\"538\">Con el prop\u00f3sito de facilitar el traslado de trabajadores, vocales de mesa y electores durante las elecciones presidenciales, senatoriales y de diputados del pr\u00f3ximo domingo 16 de noviembre, EFE Valpara\u00edso anunci\u00f3 un plan operacional especial para toda la jornada.<\/p>\n<p data-start=\"540\" data-end=\"583\">El plan contempla las siguientes medidas:<\/p>\n<ul data-start=\"585\" data-end=\"1383\">\n<li data-start=\"585\" data-end=\"770\">\n<p data-start=\"587\" data-end=\"770\">Inicio del servicio: El tren Limache\u2013Puerto adelantar\u00e1 su primera salida a las 7:00 de la ma\u00f1ana, con trenes partiendo simult\u00e1neamente desde ambas estaciones terminales.<\/p>\n<\/li>\n<li data-start=\"771\" data-end=\"858\">\n<p data-start=\"773\" data-end=\"858\">Frecuencia: Se mantendr\u00e1 una frecuencia regular de 12 minutos entre trenes.<\/p>\n<\/li>\n<li data-start=\"859\" data-end=\"968\">\n<p data-start=\"861\" data-end=\"968\">Refuerzo: Se dispondr\u00e1 de trenes dobles durante el d\u00eda, de acuerdo con la afluencia de pasajeros.<\/p>\n<\/li>\n<li data-start=\"969\" data-end=\"1203\">\n<p data-start=\"971\" data-end=\"1203\">Costo: El servicio ser\u00e1 gratuito (tarifa 0) para todos los usuarios durante toda la jornada. Para acceder, los pasajeros deber\u00e1n marcar ingreso y salida con su tarjeta de transporte o medio de pago habitual, sin costo.<\/p>\n<\/li>\n<li data-start=\"1204\" data-end=\"1314\">\n<p data-start=\"1206\" data-end=\"1314\">\u00daltimos servicios: El \u00faltimo tren saldr\u00e1 a las 22:06 desde Limache y a las 22:12 desde Puerto.<\/p>\n<\/li>\n<li data-start=\"1315\" data-end=\"1383\">\n<p data-start=\"1317\" data-end=\"1383\">Estaci\u00f3n Valencia: Estar\u00e1 operativa durante todo el d\u00eda.<\/p>\n<\/li>\n<\/ul>\n<p data-start=\"1385\" data-end=\"1675\">Las autoridades destacaron que estas medidas forman parte del plan de apoyo implementado por el Gobierno, que busca asegurar un servicio eficiente y accesible para que m\u00e1s de 1 mill\u00f3n 690 mil personas en la regi\u00f3n puedan ejercer su derecho a voto en condiciones adecuadas.<\/p>\n","protected":false},"excerpt":{"rendered":"<p>Con el prop\u00f3sito de facilitar el traslado de trabajadores, vocales de mesa y electores durante las elecciones presidenciales, senatoriales y de diputados del pr\u00f3ximo domingo 16 de noviembre, EFE Valpara\u00edso anunci\u00f3 un plan operacional especial para toda la jornada. El plan contempla las siguientes medidas: Inicio del servicio: El tren Limache\u2013Puerto adelantar\u00e1 su primera salida [&hellip;]<\/p>\n","protected":false},"author":2,"featured_media":3517,"comment_status":"closed","ping_status":"open","sticky":false,"template":"","format":"standard","meta":[],"categories":[4],"tags":[],"_links":{"self":[{"href":"https:\/\/latinaradio.cl\/index.php\/wp-json\/wp\/v2\/posts\/3516"}],"collection":[{"href":"https:\/\/latinaradio.cl\/index.php\/wp-json\/wp\/v2\/posts"}],"about":[{"href":"https:\/\/latinaradio.cl\/index.php\/wp-json\/wp\/v2\/types\/post"}],"author":[{"embeddable":true,"href":"https:\/\/latinaradio.cl\/index.php\/wp-json\/wp\/v2\/users\/2"}],"replies":[{"embeddable":true,"href":"https:\/\/latinaradio.cl\/index.php\/wp-json\/wp\/v2\/comments?post=3516"}],"version-history":[{"count":1,"href":"https:\/\/latinaradio.cl\/index.php\/wp-json\/wp\/v2\/posts\/3516\/revisions"}],"predecessor-version":[{"id":3518,"href":"https:\/\/latinaradio.cl\/index.php\/wp-json\/wp\/v2\/posts\/3516\/revisions\/3518"}],"wp:featuredmedia":[{"embeddable":true,"href":"https:\/\/latinaradio.cl\/index.php\/wp-json\/wp\/v2\/media\/3517"}],"wp:attachment":[{"href":"https:\/\/latinaradio.cl\/index.php\/wp-json\/wp\/v2\/media?parent=3516"}],"wp:term":[{"taxonomy":"category","embeddable":true,"href":"https:\/\/latinaradio.cl\/index.php\/wp-json\/wp\/v2\/categories?post=3516"},{"taxonomy":"post_tag","embeddable":true,"href":"https:\/\/latinaradio.cl\/index.php\/wp-json\/wp\/v2\/tags?post=3516"}],"curies":[{"name":"wp","href":"https:\/\/api.w.org\/{rel}","templated":true}]}}