{"id":353,"date":"2025-05-05T23:36:56","date_gmt":"2025-05-06T02:36:56","guid":{"rendered":"https:\/\/latinaradio.cl\/?p=353"},"modified":"2025-05-05T23:36:56","modified_gmt":"2025-05-06T02:36:56","slug":"atencion-conductores-comienza-la-cuenta-regresiva-para-grabar-la-patente-en-vidrios-y-espejos","status":"publish","type":"post","link":"https:\/\/latinaradio.cl\/index.php\/2025\/05\/05\/atencion-conductores-comienza-la-cuenta-regresiva-para-grabar-la-patente-en-vidrios-y-espejos\/","title":{"rendered":"\u00a1Atenci\u00f3n conductores! Comienza la cuenta regresiva para grabar la patente en vidrios y espejos"},"content":{"rendered":"<p class=\"\" data-start=\"293\" data-end=\"571\">A partir del 15 de mayo entra en vigencia la normativa que obliga a todos los veh\u00edculos a tener grabada su patente en vidrios y espejos laterales. La medida busca ayudar en la prevenci\u00f3n de robos y mejorar la fiscalizaci\u00f3n, pero tambi\u00e9n podr\u00eda traer multas a quienes no cumplan.<\/p>\n<p class=\"\" data-start=\"573\" data-end=\"791\">Desde la Regi\u00f3n de Valpara\u00edso, el seremi de Transportes, Benigno Retamal, hizo un llamado a los conductores a no dejar esta gesti\u00f3n para \u00faltima hora, ya que ser\u00e1 un requisito obligatorio para pasar la revisi\u00f3n t\u00e9cnica.<\/p>\n<p class=\"\" data-start=\"793\" data-end=\"1085\"><strong data-start=\"793\" data-end=\"823\">\u00bfC\u00f3mo debe ser el grabado?<\/strong><br data-start=\"823\" data-end=\"826\">El seremi explic\u00f3 que la inscripci\u00f3n debe ser permanente, es decir, que el grabado haya implicado un desgaste real en el vidrio y espejo, sin importar la t\u00e9cnica usada. Adem\u00e1s, debe hacerse con letras may\u00fasculas, legibles y sin estilos como cursiva o negrita.<\/p>\n<p class=\"\" data-start=\"1087\" data-end=\"1124\">Los tama\u00f1os tambi\u00e9n est\u00e1n normados:<\/p>\n<ul data-start=\"1125\" data-end=\"1284\">\n<li class=\"\" data-start=\"1125\" data-end=\"1212\">\n<p class=\"\" data-start=\"1127\" data-end=\"1212\">En los vidrios: las letras y n\u00fameros deben tener entre 7 y 10 mil\u00edmetros de altura.<\/p>\n<\/li>\n<li class=\"\" data-start=\"1213\" data-end=\"1284\">\n<p class=\"\" data-start=\"1215\" data-end=\"1284\">En los espejos laterales: la altura debe ser entre 5 y 10 mil\u00edmetros.<\/p>\n<\/li>\n<\/ul>\n<p class=\"\" data-start=\"1286\" data-end=\"1470\"><strong data-start=\"1286\" data-end=\"1314\">\u00bfQu\u00e9 pasa si no lo hago?<\/strong><br data-start=\"1314\" data-end=\"1317\">Quienes no cumplan con la normativa se arriesgan a multas que van desde 1 a 1,5 UTM, y podr\u00edan tener problemas al momento de renovar la revisi\u00f3n t\u00e9cnica.<\/p>\n<p class=\"\" data-start=\"1472\" data-end=\"1576\">As\u00ed que ya lo sabes: si a\u00fan no grabas tu patente, este es el momento. \u00a1Evita multas y cumple con la ley!<\/p>\n","protected":false},"excerpt":{"rendered":"<p>A partir del 15 de mayo entra en vigencia la normativa que obliga a todos los veh\u00edculos a tener grabada su patente en vidrios y espejos laterales. La medida busca ayudar en la prevenci\u00f3n de robos y mejorar la fiscalizaci\u00f3n, pero tambi\u00e9n podr\u00eda traer multas a quienes no cumplan. Desde la Regi\u00f3n de Valpara\u00edso, el [&hellip;]<\/p>\n","protected":false},"author":2,"featured_media":354,"comment_status":"closed","ping_status":"open","sticky":false,"template":"","format":"standard","meta":[],"categories":[3],"tags":[],"_links":{"self":[{"href":"https:\/\/latinaradio.cl\/index.php\/wp-json\/wp\/v2\/posts\/353"}],"collection":[{"href":"https:\/\/latinaradio.cl\/index.php\/wp-json\/wp\/v2\/posts"}],"about":[{"href":"https:\/\/latinaradio.cl\/index.php\/wp-json\/wp\/v2\/types\/post"}],"author":[{"embeddable":true,"href":"https:\/\/latinaradio.cl\/index.php\/wp-json\/wp\/v2\/users\/2"}],"replies":[{"embeddable":true,"href":"https:\/\/latinaradio.cl\/index.php\/wp-json\/wp\/v2\/comments?post=353"}],"version-history":[{"count":1,"href":"https:\/\/latinaradio.cl\/index.php\/wp-json\/wp\/v2\/posts\/353\/revisions"}],"predecessor-version":[{"id":355,"href":"https:\/\/latinaradio.cl\/index.php\/wp-json\/wp\/v2\/posts\/353\/revisions\/355"}],"wp:featuredmedia":[{"embeddable":true,"href":"https:\/\/latinaradio.cl\/index.php\/wp-json\/wp\/v2\/media\/354"}],"wp:attachment":[{"href":"https:\/\/latinaradio.cl\/index.php\/wp-json\/wp\/v2\/media?parent=353"}],"wp:term":[{"taxonomy":"category","embeddable":true,"href":"https:\/\/latinaradio.cl\/index.php\/wp-json\/wp\/v2\/categories?post=353"},{"taxonomy":"post_tag","embeddable":true,"href":"https:\/\/latinaradio.cl\/index.php\/wp-json\/wp\/v2\/tags?post=353"}],"curies":[{"name":"wp","href":"https:\/\/api.w.org\/{rel}","templated":true}]}}