{"id":365,"date":"2025-05-06T22:27:24","date_gmt":"2025-05-07T01:27:24","guid":{"rendered":"https:\/\/latinaradio.cl\/?p=365"},"modified":"2025-05-06T22:27:24","modified_gmt":"2025-05-07T01:27:24","slug":"violento-asalto-en-servicentro-de-olmue-deja-a-trabajadora-herida","status":"publish","type":"post","link":"https:\/\/latinaradio.cl\/index.php\/2025\/05\/06\/violento-asalto-en-servicentro-de-olmue-deja-a-trabajadora-herida\/","title":{"rendered":"Violento asalto en servicentro de Olmu\u00e9 deja a trabajadora herida"},"content":{"rendered":"<p class=\"\" data-start=\"187\" data-end=\"386\">Un asalto con violencia se registr\u00f3 la noche del lunes en un servicentro Copec ubicado a la altura del paradero 12 en la comuna de Olmu\u00e9, dejando como saldo a una trabajadora herida en la cabeza.<\/p>\n<p class=\"\" data-start=\"388\" data-end=\"683\">Seg\u00fan los antecedentes preliminares, dos sujetos llegaron en un veh\u00edculo rojo hasta el recinto y, portando armas de fuego, intimidaron al personal del lugar. En medio del asalto, uno de los delincuentes golpe\u00f3 con la empu\u00f1adura de su arma a una trabajadora, provoc\u00e1ndole una lesi\u00f3n en la cabeza.<\/p>\n<p class=\"\" data-start=\"685\" data-end=\"799\">Tras el ataque, los antisociales lograron sustraer $80.000 en efectivo y escaparon en direcci\u00f3n a Limache.<\/p>\n<p class=\"\" data-start=\"801\" data-end=\"1085\">La trabajadora herida fue trasladada a un centro asistencial para constatar lesiones, mientras que Carabineros lleg\u00f3 al lugar para iniciar las diligencias investigativas. Se revisaron c\u00e1maras de seguridad y se activaron los protocolos para dar con el paradero de los responsables.<\/p>\n<p class=\"\" data-start=\"1087\" data-end=\"1209\">Desde la comunidad se ha manifestado preocupaci\u00f3n por este hecho, que se suma a otros episodios de inseguridad en la zona.<\/p>\n","protected":false},"excerpt":{"rendered":"<p>Un asalto con violencia se registr\u00f3 la noche del lunes en un servicentro Copec ubicado a la altura del paradero 12 en la comuna de Olmu\u00e9, dejando como saldo a una trabajadora herida en la cabeza. Seg\u00fan los antecedentes preliminares, dos sujetos llegaron en un veh\u00edculo rojo hasta el recinto y, portando armas de fuego, [&hellip;]<\/p>\n","protected":false},"author":2,"featured_media":366,"comment_status":"closed","ping_status":"open","sticky":false,"template":"","format":"standard","meta":[],"categories":[2],"tags":[],"_links":{"self":[{"href":"https:\/\/latinaradio.cl\/index.php\/wp-json\/wp\/v2\/posts\/365"}],"collection":[{"href":"https:\/\/latinaradio.cl\/index.php\/wp-json\/wp\/v2\/posts"}],"about":[{"href":"https:\/\/latinaradio.cl\/index.php\/wp-json\/wp\/v2\/types\/post"}],"author":[{"embeddable":true,"href":"https:\/\/latinaradio.cl\/index.php\/wp-json\/wp\/v2\/users\/2"}],"replies":[{"embeddable":true,"href":"https:\/\/latinaradio.cl\/index.php\/wp-json\/wp\/v2\/comments?post=365"}],"version-history":[{"count":1,"href":"https:\/\/latinaradio.cl\/index.php\/wp-json\/wp\/v2\/posts\/365\/revisions"}],"predecessor-version":[{"id":367,"href":"https:\/\/latinaradio.cl\/index.php\/wp-json\/wp\/v2\/posts\/365\/revisions\/367"}],"wp:featuredmedia":[{"embeddable":true,"href":"https:\/\/latinaradio.cl\/index.php\/wp-json\/wp\/v2\/media\/366"}],"wp:attachment":[{"href":"https:\/\/latinaradio.cl\/index.php\/wp-json\/wp\/v2\/media?parent=365"}],"wp:term":[{"taxonomy":"category","embeddable":true,"href":"https:\/\/latinaradio.cl\/index.php\/wp-json\/wp\/v2\/categories?post=365"},{"taxonomy":"post_tag","embeddable":true,"href":"https:\/\/latinaradio.cl\/index.php\/wp-json\/wp\/v2\/tags?post=365"}],"curies":[{"name":"wp","href":"https:\/\/api.w.org\/{rel}","templated":true}]}}