{"id":371,"date":"2025-05-06T22:49:20","date_gmt":"2025-05-07T01:49:20","guid":{"rendered":"https:\/\/latinaradio.cl\/?p=371"},"modified":"2025-05-06T22:49:20","modified_gmt":"2025-05-07T01:49:20","slug":"inauguran-cuatro-nuevas-plazas-en-el-centro-historico-de-vina-del-mar","status":"publish","type":"post","link":"https:\/\/latinaradio.cl\/index.php\/2025\/05\/06\/inauguran-cuatro-nuevas-plazas-en-el-centro-historico-de-vina-del-mar\/","title":{"rendered":"Inauguran cuatro nuevas plazas en el centro hist\u00f3rico de Vi\u00f1a del Mar"},"content":{"rendered":"<p class=\"\" data-start=\"223\" data-end=\"495\">Este martes se inauguraron <strong data-start=\"250\" data-end=\"285\">cuatro nuevos espacios p\u00fablicos<\/strong> en el coraz\u00f3n de Vi\u00f1a del Mar, gracias a una inversi\u00f3n de <strong data-start=\"344\" data-end=\"376\">m\u00e1s de 888 millones de pesos<\/strong> financiados a trav\u00e9s del programa <strong data-start=\"411\" data-end=\"429\">Revive Barrios<\/strong> de la Subdere, en colaboraci\u00f3n con el municipio y EFE Valpara\u00edso.<\/p>\n<p class=\"\" data-start=\"497\" data-end=\"871\">Los terrenos, que antes eran sitios eriazos, fueron transformados en <strong data-start=\"566\" data-end=\"586\">plazas tem\u00e1ticas<\/strong> enfocadas en el juego, el medioambiente, el deporte y la infancia. Las nuevas \u00e1reas cuentan con <strong data-start=\"683\" data-end=\"802\">senderos pavimentados, iluminaci\u00f3n LED, mobiliario urbano, \u00e1reas verdes, juegos infantiles y equipamiento deportivo<\/strong>, todo pensado para el disfrute de familias, ni\u00f1os y adultos mayores.<\/p>\n<p class=\"\" data-start=\"873\" data-end=\"1005\">La inauguraci\u00f3n fue encabezada por la subsecretaria de Desarrollo Regional y Administrativo, <strong data-start=\"966\" data-end=\"987\">Francisca Perales<\/strong>, quien destac\u00f3:<\/p>\n<blockquote data-start=\"1006\" data-end=\"1152\">\n<p class=\"\" data-start=\"1008\" data-end=\"1152\">\u201cRecuperar los centros de nuestras ciudades es fundamental. Son el rostro visible de nuestras comunas y lugares de encuentro para la comunidad\u201d.<\/p>\n<\/blockquote>\n<p class=\"\" data-start=\"1154\" data-end=\"1217\">La alcaldesa <strong data-start=\"1167\" data-end=\"1189\">Macarena Ripamonti<\/strong> valor\u00f3 el apoyo recibido:<\/p>\n<blockquote data-start=\"1218\" data-end=\"1417\">\n<p class=\"\" data-start=\"1220\" data-end=\"1417\">\u201cGracias a Subdere por confiar en este proyecto de revitalizaci\u00f3n. Estas plazas son de todas y todos. Aqu\u00ed sube el valor de nuestras viviendas y recuperamos un espacio que antes estaba abandonado\u201d.<\/p>\n<\/blockquote>\n<p class=\"\" data-start=\"1419\" data-end=\"1525\">Desde la comunidad tambi\u00e9n hubo palabras de alegr\u00eda. <strong data-start=\"1472\" data-end=\"1496\">Jacqueline Adriazola<\/strong>, dirigenta social, se\u00f1al\u00f3:<\/p>\n<blockquote data-start=\"1526\" data-end=\"1679\">\n<p class=\"\" data-start=\"1528\" data-end=\"1679\">\u201cHoy nuestros ni\u00f1os, nuestros adultos mayores y nuestras familias tienen un lugar digno donde compartir. Estas plazas nos devuelven la vida de barrio\u201d.<\/p>\n<\/blockquote>\n<p class=\"\" data-start=\"1681\" data-end=\"1835\">Con esta obra, Vi\u00f1a del Mar da un nuevo paso hacia la <strong data-start=\"1735\" data-end=\"1772\">recuperaci\u00f3n de espacios p\u00fablicos<\/strong> como parte de una estrategia urbana inclusiva y participativa.<\/p>\n","protected":false},"excerpt":{"rendered":"<p>Este martes se inauguraron cuatro nuevos espacios p\u00fablicos en el coraz\u00f3n de Vi\u00f1a del Mar, gracias a una inversi\u00f3n de m\u00e1s de 888 millones de pesos financiados a trav\u00e9s del programa Revive Barrios de la Subdere, en colaboraci\u00f3n con el municipio y EFE Valpara\u00edso. Los terrenos, que antes eran sitios eriazos, fueron transformados en plazas [&hellip;]<\/p>\n","protected":false},"author":2,"featured_media":372,"comment_status":"closed","ping_status":"open","sticky":false,"template":"","format":"standard","meta":[],"categories":[4],"tags":[],"_links":{"self":[{"href":"https:\/\/latinaradio.cl\/index.php\/wp-json\/wp\/v2\/posts\/371"}],"collection":[{"href":"https:\/\/latinaradio.cl\/index.php\/wp-json\/wp\/v2\/posts"}],"about":[{"href":"https:\/\/latinaradio.cl\/index.php\/wp-json\/wp\/v2\/types\/post"}],"author":[{"embeddable":true,"href":"https:\/\/latinaradio.cl\/index.php\/wp-json\/wp\/v2\/users\/2"}],"replies":[{"embeddable":true,"href":"https:\/\/latinaradio.cl\/index.php\/wp-json\/wp\/v2\/comments?post=371"}],"version-history":[{"count":1,"href":"https:\/\/latinaradio.cl\/index.php\/wp-json\/wp\/v2\/posts\/371\/revisions"}],"predecessor-version":[{"id":373,"href":"https:\/\/latinaradio.cl\/index.php\/wp-json\/wp\/v2\/posts\/371\/revisions\/373"}],"wp:featuredmedia":[{"embeddable":true,"href":"https:\/\/latinaradio.cl\/index.php\/wp-json\/wp\/v2\/media\/372"}],"wp:attachment":[{"href":"https:\/\/latinaradio.cl\/index.php\/wp-json\/wp\/v2\/media?parent=371"}],"wp:term":[{"taxonomy":"category","embeddable":true,"href":"https:\/\/latinaradio.cl\/index.php\/wp-json\/wp\/v2\/categories?post=371"},{"taxonomy":"post_tag","embeddable":true,"href":"https:\/\/latinaradio.cl\/index.php\/wp-json\/wp\/v2\/tags?post=371"}],"curies":[{"name":"wp","href":"https:\/\/api.w.org\/{rel}","templated":true}]}}