{"id":374,"date":"2025-05-06T23:01:13","date_gmt":"2025-05-07T02:01:13","guid":{"rendered":"https:\/\/latinaradio.cl\/?p=374"},"modified":"2025-05-06T23:01:13","modified_gmt":"2025-05-07T02:01:13","slug":"comision-investigadora-por-listas-de-espera-finaliza-trabajo-en-hospital-van-buren-de-valparaiso","status":"publish","type":"post","link":"https:\/\/latinaradio.cl\/index.php\/2025\/05\/06\/comision-investigadora-por-listas-de-espera-finaliza-trabajo-en-hospital-van-buren-de-valparaiso\/","title":{"rendered":"Comisi\u00f3n Investigadora por Listas de Espera finaliza trabajo en Hospital Van Buren de Valpara\u00edso"},"content":{"rendered":"<p class=\"\" data-start=\"227\" data-end=\"500\">Este lunes, la Comisi\u00f3n Especial Investigadora sobre Listas de Espera de la C\u00e1mara de Diputadas y Diputados <strong data-start=\"335\" data-end=\"412\">cerr\u00f3 su trabajo en terreno en el Hospital Carlos Van Buren de Valpara\u00edso<\/strong>, considerado por la instancia como el recinto <strong data-start=\"459\" data-end=\"483\">m\u00e1s cr\u00edtico del pa\u00eds<\/strong> en esta materia.<\/p>\n<p class=\"\" data-start=\"502\" data-end=\"803\">Durante las sesiones, la comisi\u00f3n recorri\u00f3 ocho hospitales del pa\u00eds, incluyendo recintos en Arica, Antofagasta, Coyhaique, Osorno, Temuco, Puente Alto y Maip\u00fa. Sin embargo, el <strong data-start=\"678\" data-end=\"751\">Hospital Van Buren fue el \u00fanico donde las listas de espera aumentaron<\/strong>, situaci\u00f3n atribuida a una grave crisis financiera.<\/p>\n<p class=\"\" data-start=\"805\" data-end=\"1073\">El diputado <strong data-start=\"817\" data-end=\"838\">Tom\u00e1s Lagomarsino<\/strong>, quien presidi\u00f3 la comisi\u00f3n, explic\u00f3 que a marzo de este a\u00f1o, <strong data-start=\"901\" data-end=\"965\">s\u00f3lo se hab\u00eda recibido un tercio del financiamiento previsto<\/strong>, lo que corresponde entre 5.000 y 6.000 millones de pesos del subt\u00edtulo 22 del Clasificador Presupuestario.<\/p>\n<p class=\"\" data-start=\"1075\" data-end=\"1340\">Por su parte, el diputado <strong data-start=\"1101\" data-end=\"1116\">Jorge Brito<\/strong> se\u00f1al\u00f3 que el hospital porte\u00f1o se vio obligado a <strong data-start=\"1166\" data-end=\"1187\">cerrar pabellones<\/strong>, lo que impact\u00f3 directamente en la atenci\u00f3n de pacientes. \u201cMientras otros recintos disminuyeron sus listas de espera, Van Buren las aumentaba\u201d, explic\u00f3.<\/p>\n<p class=\"\" data-start=\"1342\" data-end=\"1676\">Durante la sesi\u00f3n participaron autoridades del \u00e1rea de salud como <strong data-start=\"1408\" data-end=\"1423\">Dafne Secul<\/strong>, directora del Hospital Van Buren; <strong data-start=\"1459\" data-end=\"1478\">Loreto Maturana<\/strong>, directora del Servicio de Salud Valpara\u00edso-San Antonio; y <strong data-start=\"1538\" data-end=\"1558\">Daniela Siegmund<\/strong>, directora del Hospital Eduardo Pereira. Tambi\u00e9n asistieron representantes del Colegio M\u00e9dico y dirigentes gremiales.<\/p>\n<p class=\"\" data-start=\"1678\" data-end=\"1879\">Uno de estos dirigentes, <strong data-start=\"1703\" data-end=\"1720\">Eduardo Ojeda<\/strong> de la Fenats del Van Buren, <strong data-start=\"1749\" data-end=\"1858\">denunci\u00f3 que los funcionarios debieron protestar en los pasillos para poder ingresar a la mesa de trabajo<\/strong> con las autoridades.<\/p>\n<p class=\"\" data-start=\"1881\" data-end=\"2131\">La comisi\u00f3n parlamentaria presentar\u00e1 sus <strong data-start=\"1922\" data-end=\"1966\">conclusiones pr\u00f3ximamente ante la C\u00e1mara<\/strong>, con el objetivo de proponer soluciones estructurales que mejoren la gesti\u00f3n del sistema p\u00fablico de salud y permitan enfrentar de mejor manera las listas de espera.<\/p>\n","protected":false},"excerpt":{"rendered":"<p>Este lunes, la Comisi\u00f3n Especial Investigadora sobre Listas de Espera de la C\u00e1mara de Diputadas y Diputados cerr\u00f3 su trabajo en terreno en el Hospital Carlos Van Buren de Valpara\u00edso, considerado por la instancia como el recinto m\u00e1s cr\u00edtico del pa\u00eds en esta materia. Durante las sesiones, la comisi\u00f3n recorri\u00f3 ocho hospitales del pa\u00eds, incluyendo [&hellip;]<\/p>\n","protected":false},"author":2,"featured_media":375,"comment_status":"closed","ping_status":"open","sticky":false,"template":"","format":"standard","meta":[],"categories":[4],"tags":[],"_links":{"self":[{"href":"https:\/\/latinaradio.cl\/index.php\/wp-json\/wp\/v2\/posts\/374"}],"collection":[{"href":"https:\/\/latinaradio.cl\/index.php\/wp-json\/wp\/v2\/posts"}],"about":[{"href":"https:\/\/latinaradio.cl\/index.php\/wp-json\/wp\/v2\/types\/post"}],"author":[{"embeddable":true,"href":"https:\/\/latinaradio.cl\/index.php\/wp-json\/wp\/v2\/users\/2"}],"replies":[{"embeddable":true,"href":"https:\/\/latinaradio.cl\/index.php\/wp-json\/wp\/v2\/comments?post=374"}],"version-history":[{"count":1,"href":"https:\/\/latinaradio.cl\/index.php\/wp-json\/wp\/v2\/posts\/374\/revisions"}],"predecessor-version":[{"id":376,"href":"https:\/\/latinaradio.cl\/index.php\/wp-json\/wp\/v2\/posts\/374\/revisions\/376"}],"wp:featuredmedia":[{"embeddable":true,"href":"https:\/\/latinaradio.cl\/index.php\/wp-json\/wp\/v2\/media\/375"}],"wp:attachment":[{"href":"https:\/\/latinaradio.cl\/index.php\/wp-json\/wp\/v2\/media?parent=374"}],"wp:term":[{"taxonomy":"category","embeddable":true,"href":"https:\/\/latinaradio.cl\/index.php\/wp-json\/wp\/v2\/categories?post=374"},{"taxonomy":"post_tag","embeddable":true,"href":"https:\/\/latinaradio.cl\/index.php\/wp-json\/wp\/v2\/tags?post=374"}],"curies":[{"name":"wp","href":"https:\/\/api.w.org\/{rel}","templated":true}]}}