{"id":377,"date":"2025-05-07T23:09:25","date_gmt":"2025-05-08T02:09:25","guid":{"rendered":"https:\/\/latinaradio.cl\/?p=377"},"modified":"2025-05-07T23:09:25","modified_gmt":"2025-05-08T02:09:25","slug":"carabineros-recibe-41-nuevos-vehiculos-para-reforzar-la-seguridad-en-la-region-de-valparaiso","status":"publish","type":"post","link":"https:\/\/latinaradio.cl\/index.php\/2025\/05\/07\/carabineros-recibe-41-nuevos-vehiculos-para-reforzar-la-seguridad-en-la-region-de-valparaiso\/","title":{"rendered":"Carabineros recibe 41 nuevos veh\u00edculos para reforzar la seguridad en la Regi\u00f3n de Valpara\u00edso"},"content":{"rendered":"<p class=\"\" data-start=\"239\" data-end=\"695\">Con el objetivo de fortalecer la seguridad p\u00fablica y apoyar la labor de Carabineros, el Gobierno Regional de Valpara\u00edso entreg\u00f3 41 nuevos veh\u00edculos policiales que ser\u00e1n distribuidos en diversas comunas de la regi\u00f3n. Esta entrega forma parte de la tercera etapa del proyecto de <em data-start=\"516\" data-end=\"566\">Reposici\u00f3n y Adquisici\u00f3n de Veh\u00edculos Policiales<\/em>, impulsado por el Gobierno Regional (GORE) y aprobado por el Consejo Regional (CORE), con una inversi\u00f3n total de $2.082.146.000.<\/p>\n<p class=\"\" data-start=\"697\" data-end=\"1183\">Los nuevos m\u00f3viles permitir\u00e1n renovar parte de la flota existente y tambi\u00e9n aumentar la dotaci\u00f3n en varias unidades operativas. En detalle, los veh\u00edculos ser\u00e1n destinados a Vi\u00f1a del Mar (13), Valpara\u00edso (8), Quilpu\u00e9 (6), Limache (4), Quintero (3), San Antonio (3), Isla de Pascua (3) y La Ligua (1). Del total entregado, 20 corresponden a veh\u00edculos nuevos que incrementan el parque vehicular de Carabineros, mientras que los restantes reemplazan unidades que ya cumplieron su vida \u00fatil.<\/p>\n<p class=\"\" data-start=\"1185\" data-end=\"1593\">El gobernador regional Rodrigo Mundaca destac\u00f3 que esta iniciativa es parte de un trabajo sostenido por mejorar la seguridad en la regi\u00f3n. \u201cEntre 2021 y 2025, el Gobierno Regional ha destinado m\u00e1s de $42.900 millones a esta materia, no solo en equipamiento, sino tambi\u00e9n en infraestructura policial, mejorando cuarteles en comunas como Cabildo, Petorca y Panquehue, y recuperando m\u00f3dulos policiales\u201d, afirm\u00f3.<\/p>\n<p class=\"\" data-start=\"1595\" data-end=\"1895\">Mundaca tambi\u00e9n subray\u00f3 la importancia de un enfoque integral para abordar la seguridad: \u201cEntendemos que la infraestructura y el equipamiento son fundamentales, pero tambi\u00e9n lo es recuperar los espacios p\u00fablicos y trabajar en conjunto con la Delegaci\u00f3n Presidencial Regional y los mandos policiales\u201d.<\/p>\n<p class=\"\" data-start=\"1897\" data-end=\"2377\">Por su parte, la general Patricia V\u00e1squez, jefa de Zona de Carabineros Valpara\u00edso, valor\u00f3 el apoyo regional y recalc\u00f3 que esta entrega refuerza el trabajo preventivo en el territorio. \u201cEstos veh\u00edculos permitir\u00e1n a Carabineros estar m\u00e1s presentes en las calles, patrullando y combatiendo el crimen organizado, adem\u00e1s de brindar mayor seguridad a los vecinos. Esta entrega es fruto de un convenio de programaci\u00f3n iniciado en 2021 con el respaldo de la autoridad regional y central\u201d.<\/p>\n<p class=\"\" data-start=\"2379\" data-end=\"2539\">Con esta nueva entrega, se refuerza el compromiso conjunto entre las autoridades regionales y las polic\u00edas para avanzar hacia una regi\u00f3n m\u00e1s segura y protegida.<\/p>\n","protected":false},"excerpt":{"rendered":"<p>Con el objetivo de fortalecer la seguridad p\u00fablica y apoyar la labor de Carabineros, el Gobierno Regional de Valpara\u00edso entreg\u00f3 41 nuevos veh\u00edculos policiales que ser\u00e1n distribuidos en diversas comunas de la regi\u00f3n. Esta entrega forma parte de la tercera etapa del proyecto de Reposici\u00f3n y Adquisici\u00f3n de Veh\u00edculos Policiales, impulsado por el Gobierno Regional [&hellip;]<\/p>\n","protected":false},"author":2,"featured_media":378,"comment_status":"closed","ping_status":"open","sticky":false,"template":"","format":"standard","meta":[],"categories":[4],"tags":[],"_links":{"self":[{"href":"https:\/\/latinaradio.cl\/index.php\/wp-json\/wp\/v2\/posts\/377"}],"collection":[{"href":"https:\/\/latinaradio.cl\/index.php\/wp-json\/wp\/v2\/posts"}],"about":[{"href":"https:\/\/latinaradio.cl\/index.php\/wp-json\/wp\/v2\/types\/post"}],"author":[{"embeddable":true,"href":"https:\/\/latinaradio.cl\/index.php\/wp-json\/wp\/v2\/users\/2"}],"replies":[{"embeddable":true,"href":"https:\/\/latinaradio.cl\/index.php\/wp-json\/wp\/v2\/comments?post=377"}],"version-history":[{"count":1,"href":"https:\/\/latinaradio.cl\/index.php\/wp-json\/wp\/v2\/posts\/377\/revisions"}],"predecessor-version":[{"id":379,"href":"https:\/\/latinaradio.cl\/index.php\/wp-json\/wp\/v2\/posts\/377\/revisions\/379"}],"wp:featuredmedia":[{"embeddable":true,"href":"https:\/\/latinaradio.cl\/index.php\/wp-json\/wp\/v2\/media\/378"}],"wp:attachment":[{"href":"https:\/\/latinaradio.cl\/index.php\/wp-json\/wp\/v2\/media?parent=377"}],"wp:term":[{"taxonomy":"category","embeddable":true,"href":"https:\/\/latinaradio.cl\/index.php\/wp-json\/wp\/v2\/categories?post=377"},{"taxonomy":"post_tag","embeddable":true,"href":"https:\/\/latinaradio.cl\/index.php\/wp-json\/wp\/v2\/tags?post=377"}],"curies":[{"name":"wp","href":"https:\/\/api.w.org\/{rel}","templated":true}]}}