{"id":380,"date":"2025-05-07T23:36:16","date_gmt":"2025-05-08T02:36:16","guid":{"rendered":"https:\/\/latinaradio.cl\/?p=380"},"modified":"2025-05-07T23:36:16","modified_gmt":"2025-05-08T02:36:16","slug":"exigen-fiscalizacion-urgente-por-olores-y-humo-del-nuevo-crematorio-en-villa-alemana","status":"publish","type":"post","link":"https:\/\/latinaradio.cl\/index.php\/2025\/05\/07\/exigen-fiscalizacion-urgente-por-olores-y-humo-del-nuevo-crematorio-en-villa-alemana\/","title":{"rendered":"Exigen fiscalizaci\u00f3n urgente por olores y humo del nuevo crematorio en Villa Alemana"},"content":{"rendered":"<p class=\"\" data-start=\"188\" data-end=\"458\">Los diputados Diego Ib\u00e1\u00f1ez y Mar\u00eda Francisca Bello oficiaron a la Seremi de Salud y a la Superintendencia del Medio Ambiente para solicitar una fiscalizaci\u00f3n urgente al funcionamiento del nuevo crematorio ubicado junto al Cementerio Parque del Sendero, en Villa Alemana.<\/p>\n<p class=\"\" data-start=\"460\" data-end=\"712\">La solicitud responde a denuncias de vecinas y vecinos, quienes acusan \u201colores insoportables\u201d y \u201chumo invasivo\u201d que se intensifican en ciertos horarios, afectando su vida cotidiana y generando preocupaci\u00f3n sobre las condiciones en que opera el recinto.<\/p>\n<p class=\"\" data-start=\"714\" data-end=\"1049\">Al respecto, el diputado Diego Ib\u00e1\u00f1ez se\u00f1al\u00f3: \u201cEs fundamental aclarar si el crematorio cuenta con la autorizaci\u00f3n sanitaria correspondiente, si est\u00e1 operando conforme a la normativa vigente, y, en caso de detectar irregularidades, que se inicien de inmediato los procedimientos sancionatorios para resguardar la salud de la comunidad\u201d.<\/p>\n<p class=\"\" data-start=\"1051\" data-end=\"1453\">Por su parte, la diputada Mar\u00eda Francisca Bello enfatiz\u00f3 la necesidad de \u201cevaluar los riesgos sanitarios por la cercan\u00eda del crematorio con el nuevo hospital de Villa Alemana y confirmar si su ubicaci\u00f3n es coherente con un enfoque preventivo de salud. Tambi\u00e9n pedimos que se determine si el proyecto debi\u00f3 ser evaluado ambientalmente a trav\u00e9s del SEIA, y si est\u00e1 cumpliendo con la normativa ambiental\u201d.<\/p>\n<p class=\"\" data-start=\"1455\" data-end=\"1708\">En el oficio dirigido a la Seremi de Salud, los legisladores solicitan verificar las condiciones operativas del crematorio, identificar las causas de las emisiones denunciadas por la comunidad y revisar el cumplimiento de la normativa sanitaria vigente.<\/p>\n<p class=\"\" data-start=\"1710\" data-end=\"2107\">En tanto, en el oficio enviado a la Superintendencia del Medio Ambiente, se pide determinar si el proyecto debi\u00f3 ingresar al Sistema de Evaluaci\u00f3n de Impacto Ambiental (SEIA), comprobar el cumplimiento de la normativa ambiental y analizar los posibles impactos acumulativos con las av\u00edcolas vecinas, se\u00f1aladas hist\u00f3ricamente por la comunidad como fuentes de olores molestos y otras externalidades.<\/p>\n","protected":false},"excerpt":{"rendered":"<p>Los diputados Diego Ib\u00e1\u00f1ez y Mar\u00eda Francisca Bello oficiaron a la Seremi de Salud y a la Superintendencia del Medio Ambiente para solicitar una fiscalizaci\u00f3n urgente al funcionamiento del nuevo crematorio ubicado junto al Cementerio Parque del Sendero, en Villa Alemana. La solicitud responde a denuncias de vecinas y vecinos, quienes acusan \u201colores insoportables\u201d y [&hellip;]<\/p>\n","protected":false},"author":2,"featured_media":381,"comment_status":"closed","ping_status":"open","sticky":false,"template":"","format":"standard","meta":[],"categories":[4],"tags":[],"_links":{"self":[{"href":"https:\/\/latinaradio.cl\/index.php\/wp-json\/wp\/v2\/posts\/380"}],"collection":[{"href":"https:\/\/latinaradio.cl\/index.php\/wp-json\/wp\/v2\/posts"}],"about":[{"href":"https:\/\/latinaradio.cl\/index.php\/wp-json\/wp\/v2\/types\/post"}],"author":[{"embeddable":true,"href":"https:\/\/latinaradio.cl\/index.php\/wp-json\/wp\/v2\/users\/2"}],"replies":[{"embeddable":true,"href":"https:\/\/latinaradio.cl\/index.php\/wp-json\/wp\/v2\/comments?post=380"}],"version-history":[{"count":1,"href":"https:\/\/latinaradio.cl\/index.php\/wp-json\/wp\/v2\/posts\/380\/revisions"}],"predecessor-version":[{"id":382,"href":"https:\/\/latinaradio.cl\/index.php\/wp-json\/wp\/v2\/posts\/380\/revisions\/382"}],"wp:featuredmedia":[{"embeddable":true,"href":"https:\/\/latinaradio.cl\/index.php\/wp-json\/wp\/v2\/media\/381"}],"wp:attachment":[{"href":"https:\/\/latinaradio.cl\/index.php\/wp-json\/wp\/v2\/media?parent=380"}],"wp:term":[{"taxonomy":"category","embeddable":true,"href":"https:\/\/latinaradio.cl\/index.php\/wp-json\/wp\/v2\/categories?post=380"},{"taxonomy":"post_tag","embeddable":true,"href":"https:\/\/latinaradio.cl\/index.php\/wp-json\/wp\/v2\/tags?post=380"}],"curies":[{"name":"wp","href":"https:\/\/api.w.org\/{rel}","templated":true}]}}