{"id":395,"date":"2025-05-08T21:18:50","date_gmt":"2025-05-09T00:18:50","guid":{"rendered":"https:\/\/latinaradio.cl\/?p=395"},"modified":"2025-05-08T21:18:50","modified_gmt":"2025-05-09T00:18:50","slug":"accidente-de-avioneta-ambulancia-en-curacavi-no-dejo-sobrevivientes","status":"publish","type":"post","link":"https:\/\/latinaradio.cl\/index.php\/2025\/05\/08\/accidente-de-avioneta-ambulancia-en-curacavi-no-dejo-sobrevivientes\/","title":{"rendered":"Accidente de avioneta ambulancia en Curacav\u00ed no dej\u00f3 sobrevivientes"},"content":{"rendered":"<p class=\"\" data-start=\"186\" data-end=\"418\">El delegado presidencial metropolitano, Gonzalo Dur\u00e1n, confirm\u00f3 este jueves que el accidente de una avioneta ambulancia que capot\u00f3 en la comuna de Curacav\u00ed no dej\u00f3 sobrevivientes, tras el hallazgo de la aeronave siniestrada.<\/p>\n<p class=\"\" data-start=\"420\" data-end=\"706\">La Delegaci\u00f3n Presidencial Metropolitana inform\u00f3 que alrededor de once familiares de las v\u00edctimas llegaron hasta el sitio del accidente para ser informados en detalle sobre las labores de b\u00fasqueda que permitieron dar con la nave, que transportaba a seis personas en su interior.<\/p>\n<p class=\"\" data-start=\"708\" data-end=\"831\">Una familiar de una de las v\u00edctimas declar\u00f3 a los medios que no hubo sobrevivientes. En tanto, el delegado Dur\u00e1n expres\u00f3:<\/p>\n<blockquote data-start=\"832\" data-end=\"1171\">\n<p class=\"\" data-start=\"834\" data-end=\"1171\">\u201cEn nombre del Gobierno y de todos los actores del Estado de Chile, quiero entregar nuestras condolencias a los familiares, amigos y a todos quienes sufren la partida de estos compatriotas. Nuestro compromiso desde el primer minuto fue poner todas las capacidades del Estado para encontrar la aeronave y a las personas que iban a bordo\u201d.<\/p>\n<\/blockquote>\n<p class=\"\" data-start=\"1173\" data-end=\"1385\">Dur\u00e1n tambi\u00e9n inform\u00f3 que la Municipalidad de Curacav\u00ed habilit\u00f3 un espacio de acogida para los familiares que se trasladar\u00e1n a Santiago en las pr\u00f3ximas horas, para apoyarlos en las gestiones que se requieran.<\/p>\n<h3 class=\"\" data-start=\"1387\" data-end=\"1418\">Recuperaci\u00f3n de los cuerpos<\/h3>\n<p class=\"\" data-start=\"1420\" data-end=\"1684\">El fiscal metropolitano occidente, Marcos Past\u00e9n, se\u00f1al\u00f3 que el foco actual est\u00e1 puesto en la recuperaci\u00f3n de los cuerpos, los cuales ser\u00e1n entregados a sus familias luego de las autopsias correspondientes realizadas por el Servicio M\u00e9dico Legal (SML).<\/p>\n<p class=\"\" data-start=\"1686\" data-end=\"1932\">\u201cEl accidente ocurri\u00f3 en una quebrada de dif\u00edcil acceso, a unas cinco horas de transporte desde el punto m\u00e1s cercano. Por eso, el trabajo lo est\u00e1 desarrollando personal especializado del GOPE y Labocar de Carabineros\u201d, explic\u00f3 Past\u00e9n.<\/p>\n<p class=\"\" data-start=\"1934\" data-end=\"2101\">Las autoridades indicaron que el hallazgo de la avioneta fue posible gracias a la triangulaci\u00f3n de videos y testimonios de personas que presenciaron el accidente.<\/p>\n<p class=\"\" data-start=\"2103\" data-end=\"2287\">Por su parte, el Presidente Gabriel Boric tambi\u00e9n expres\u00f3 sus condolencias a las familias y afirm\u00f3 que el Gobierno trabajar\u00e1 &#8220;incansablemente&#8221; para completar las tareas de rescate.<\/p>\n<p class=\"\" data-start=\"2289\" data-end=\"2412\">Las labores de recuperaci\u00f3n se han visto dificultadas por las complejas condiciones meteorol\u00f3gicas que afectan la zona<\/p>\n","protected":false},"excerpt":{"rendered":"<p>El delegado presidencial metropolitano, Gonzalo Dur\u00e1n, confirm\u00f3 este jueves que el accidente de una avioneta ambulancia que capot\u00f3 en la comuna de Curacav\u00ed no dej\u00f3 sobrevivientes, tras el hallazgo de la aeronave siniestrada. La Delegaci\u00f3n Presidencial Metropolitana inform\u00f3 que alrededor de once familiares de las v\u00edctimas llegaron hasta el sitio del accidente para ser informados [&hellip;]<\/p>\n","protected":false},"author":2,"featured_media":396,"comment_status":"closed","ping_status":"open","sticky":false,"template":"","format":"standard","meta":[],"categories":[3],"tags":[],"_links":{"self":[{"href":"https:\/\/latinaradio.cl\/index.php\/wp-json\/wp\/v2\/posts\/395"}],"collection":[{"href":"https:\/\/latinaradio.cl\/index.php\/wp-json\/wp\/v2\/posts"}],"about":[{"href":"https:\/\/latinaradio.cl\/index.php\/wp-json\/wp\/v2\/types\/post"}],"author":[{"embeddable":true,"href":"https:\/\/latinaradio.cl\/index.php\/wp-json\/wp\/v2\/users\/2"}],"replies":[{"embeddable":true,"href":"https:\/\/latinaradio.cl\/index.php\/wp-json\/wp\/v2\/comments?post=395"}],"version-history":[{"count":1,"href":"https:\/\/latinaradio.cl\/index.php\/wp-json\/wp\/v2\/posts\/395\/revisions"}],"predecessor-version":[{"id":397,"href":"https:\/\/latinaradio.cl\/index.php\/wp-json\/wp\/v2\/posts\/395\/revisions\/397"}],"wp:featuredmedia":[{"embeddable":true,"href":"https:\/\/latinaradio.cl\/index.php\/wp-json\/wp\/v2\/media\/396"}],"wp:attachment":[{"href":"https:\/\/latinaradio.cl\/index.php\/wp-json\/wp\/v2\/media?parent=395"}],"wp:term":[{"taxonomy":"category","embeddable":true,"href":"https:\/\/latinaradio.cl\/index.php\/wp-json\/wp\/v2\/categories?post=395"},{"taxonomy":"post_tag","embeddable":true,"href":"https:\/\/latinaradio.cl\/index.php\/wp-json\/wp\/v2\/tags?post=395"}],"curies":[{"name":"wp","href":"https:\/\/api.w.org\/{rel}","templated":true}]}}