{"id":421,"date":"2025-05-09T21:54:35","date_gmt":"2025-05-10T00:54:35","guid":{"rendered":"https:\/\/latinaradio.cl\/?p=421"},"modified":"2025-05-09T21:54:35","modified_gmt":"2025-05-10T00:54:35","slug":"8-cosas-que-debes-saber-sobre-el-nuevo-papa-leon-xiv","status":"publish","type":"post","link":"https:\/\/latinaradio.cl\/index.php\/2025\/05\/09\/8-cosas-que-debes-saber-sobre-el-nuevo-papa-leon-xiv\/","title":{"rendered":"8 cosas que debes saber sobre el nuevo Papa Le\u00f3n XIV"},"content":{"rendered":"<p class=\"\" data-start=\"198\" data-end=\"351\"><strong data-start=\"198\" data-end=\"217\">\u00a1Habemus Papam!<\/strong> El estadounidense-peruano Robert Prevost ha sido elegido como nuevo l\u00edder de la Iglesia Cat\u00f3lica bajo el nombre de <strong data-start=\"333\" data-end=\"350\">Papa Le\u00f3n XIV<\/strong>.<\/p>\n<p class=\"\" data-start=\"353\" data-end=\"665\">Desde la Capilla Sixtina, el humo blanco anunci\u00f3 la elecci\u00f3n, y minutos despu\u00e9s se escuch\u00f3 el tradicional \u201cHabemus Papam\u201d. Con 69 a\u00f1os, nacido en Chicago y con una amplia trayectoria como misionero en Sudam\u00e9rica, el nuevo pont\u00edfice asume con el desaf\u00edo de continuar las reformas impulsadas por el Papa Francisco.<\/p>\n<p class=\"\" data-start=\"667\" data-end=\"707\">Estas son 8 claves para conocerlo mejor:<\/p>\n<p class=\"\" data-start=\"709\" data-end=\"1112\"><strong data-start=\"709\" data-end=\"755\">1. Es estadounidense, pero tambi\u00e9n peruano<\/strong><br data-start=\"755\" data-end=\"758\">Aunque naci\u00f3 en Chicago, Robert Prevost vivi\u00f3 m\u00e1s de una d\u00e9cada en Per\u00fa, espec\u00edficamente en Trujillo y luego en Chiclayo, donde fue obispo entre 2014 y 2023. En 2015 obtuvo la nacionalidad peruana, por lo que posee doble nacionalidad. Habla ingl\u00e9s, espa\u00f1ol e italiano, y en el Vaticano era conocido como \u201cel cardenal estadounidense menos estadounidense\u201d.<\/p>\n<p class=\"\" data-start=\"1114\" data-end=\"1393\"><strong data-start=\"1114\" data-end=\"1146\">2. Cercano al Papa Francisco<\/strong><br data-start=\"1146\" data-end=\"1149\">Seg\u00fan el periodista Christopher Lamb, corresponsal en el Vaticano, Francisco ten\u00eda gran estima por Prevost y confiaba plenamente en su liderazgo. Esta cercan\u00eda es vista como un gesto de continuidad con la l\u00ednea pastoral del pont\u00edfice fallecido.<\/p>\n<p class=\"\" data-start=\"1395\" data-end=\"1711\"><strong data-start=\"1395\" data-end=\"1430\">3. Miembro de la orden agustina<\/strong><br data-start=\"1430\" data-end=\"1433\">Prevost pertenece a la Orden de San Agust\u00edn, lo que marca su formaci\u00f3n espiritual y su enfoque en la vida comunitaria, el amor al pr\u00f3jimo y la humildad. En su primer discurso como Papa, cit\u00f3 a San Agust\u00edn: \u201cPara ustedes soy obispo; con ustedes, al fin y al cabo, soy cristiano\u201d.<\/p>\n<p class=\"\" data-start=\"1713\" data-end=\"2022\"><strong data-start=\"1713\" data-end=\"1751\">4. Amplia experiencia de liderazgo<\/strong><br data-start=\"1751\" data-end=\"1754\">Antes de ser elegido Papa, fue prefecto del Dicasterio para los Obispos, encargado de evaluar a futuros obispos en todo el mundo. Tambi\u00e9n presidi\u00f3 la Comisi\u00f3n Pontificia para Am\u00e9rica Latina. Su estilo de liderazgo ha sido descrito como tranquilo, imparcial y decidido.<\/p>\n<p class=\"\" data-start=\"2024\" data-end=\"2352\"><strong data-start=\"2024\" data-end=\"2074\">5. Eligi\u00f3 el nombre Le\u00f3n en honor a los pobres<\/strong><br data-start=\"2074\" data-end=\"2077\">Inspirado en el Papa Le\u00f3n XIII, quien defendi\u00f3 a los trabajadores y a los m\u00e1s desfavorecidos, su elecci\u00f3n del nombre indica un fuerte compromiso con la doctrina social de la Iglesia. Adem\u00e1s, se define como un Papa misionero, con un fuerte enfoque en el anuncio del Evangelio.<\/p>\n<p class=\"\" data-start=\"2354\" data-end=\"2601\"><strong data-start=\"2354\" data-end=\"2381\">6. Una agenda de centro<\/strong><br data-start=\"2381\" data-end=\"2384\">Aunque comparte el esp\u00edritu reformista del Papa Francisco, se espera que mantenga una postura moderada, enfocada en temas sociales como la migraci\u00f3n y la pobreza, pero con mayor apego a la tradici\u00f3n en otros aspectos.<\/p>\n<p class=\"\" data-start=\"2603\" data-end=\"2861\"><strong data-start=\"2603\" data-end=\"2629\">7. Estudi\u00f3 matem\u00e1ticas<\/strong><br data-start=\"2629\" data-end=\"2632\">Prevost curs\u00f3 Matem\u00e1ticas en la Universidad de Villanova (EE.UU.) antes de estudiar Teolog\u00eda en la Uni\u00f3n Teol\u00f3gica Cat\u00f3lica de Chicago. M\u00e1s tarde, se especializ\u00f3 en Derecho Can\u00f3nico en Roma, disciplina que tambi\u00e9n ense\u00f1\u00f3 en Per\u00fa.<\/p>\n<p class=\"\" data-start=\"2863\" data-end=\"3099\"><strong data-start=\"2863\" data-end=\"2889\">8. Aficionado al tenis<\/strong><br data-start=\"2889\" data-end=\"2892\">En una entrevista con la Orden de los Agustinos, confes\u00f3 ser un \u201ctenista bastante amateur\u201d y expres\u00f3 su deseo de volver a jugar. Tambi\u00e9n disfruta de la lectura, caminar y viajar para conocer nuevas culturas.<\/p>\n","protected":false},"excerpt":{"rendered":"<p>\u00a1Habemus Papam! El estadounidense-peruano Robert Prevost ha sido elegido como nuevo l\u00edder de la Iglesia Cat\u00f3lica bajo el nombre de Papa Le\u00f3n XIV. Desde la Capilla Sixtina, el humo blanco anunci\u00f3 la elecci\u00f3n, y minutos despu\u00e9s se escuch\u00f3 el tradicional \u201cHabemus Papam\u201d. Con 69 a\u00f1os, nacido en Chicago y con una amplia trayectoria como misionero [&hellip;]<\/p>\n","protected":false},"author":2,"featured_media":422,"comment_status":"closed","ping_status":"open","sticky":false,"template":"","format":"standard","meta":[],"categories":[3],"tags":[],"_links":{"self":[{"href":"https:\/\/latinaradio.cl\/index.php\/wp-json\/wp\/v2\/posts\/421"}],"collection":[{"href":"https:\/\/latinaradio.cl\/index.php\/wp-json\/wp\/v2\/posts"}],"about":[{"href":"https:\/\/latinaradio.cl\/index.php\/wp-json\/wp\/v2\/types\/post"}],"author":[{"embeddable":true,"href":"https:\/\/latinaradio.cl\/index.php\/wp-json\/wp\/v2\/users\/2"}],"replies":[{"embeddable":true,"href":"https:\/\/latinaradio.cl\/index.php\/wp-json\/wp\/v2\/comments?post=421"}],"version-history":[{"count":1,"href":"https:\/\/latinaradio.cl\/index.php\/wp-json\/wp\/v2\/posts\/421\/revisions"}],"predecessor-version":[{"id":423,"href":"https:\/\/latinaradio.cl\/index.php\/wp-json\/wp\/v2\/posts\/421\/revisions\/423"}],"wp:featuredmedia":[{"embeddable":true,"href":"https:\/\/latinaradio.cl\/index.php\/wp-json\/wp\/v2\/media\/422"}],"wp:attachment":[{"href":"https:\/\/latinaradio.cl\/index.php\/wp-json\/wp\/v2\/media?parent=421"}],"wp:term":[{"taxonomy":"category","embeddable":true,"href":"https:\/\/latinaradio.cl\/index.php\/wp-json\/wp\/v2\/categories?post=421"},{"taxonomy":"post_tag","embeddable":true,"href":"https:\/\/latinaradio.cl\/index.php\/wp-json\/wp\/v2\/tags?post=421"}],"curies":[{"name":"wp","href":"https:\/\/api.w.org\/{rel}","templated":true}]}}