{"id":4232,"date":"2026-01-09T17:43:19","date_gmt":"2026-01-09T20:43:19","guid":{"rendered":"https:\/\/latinaradio.cl\/?p=4232"},"modified":"2026-01-09T17:43:19","modified_gmt":"2026-01-09T20:43:19","slug":"municipio-de-valparaiso-retira-mas-de-400-toneladas-de-desechos-en-cerros-y-quebradas-como-prevencion-de-incendios","status":"publish","type":"post","link":"https:\/\/latinaradio.cl\/index.php\/2026\/01\/09\/municipio-de-valparaiso-retira-mas-de-400-toneladas-de-desechos-en-cerros-y-quebradas-como-prevencion-de-incendios\/","title":{"rendered":"Municipio de Valpara\u00edso retira m\u00e1s de 400 toneladas de desechos en cerros y quebradas como prevenci\u00f3n de incendios"},"content":{"rendered":"<p data-start=\"232\" data-end=\"471\">La Municipalidad de Valpara\u00edso intensific\u00f3 sus operativos cr\u00edticos de limpieza en el marco del Plan Verano 2025\u20132026, logrando el retiro de 408 toneladas de maleza y desechos desde distintos cerros y quebradas de la comuna.<\/p>\n<p data-start=\"473\" data-end=\"865\">Durante los \u00faltimos tres meses, los equipos municipales han intervenido una superficie aproximada de 63 mil metros cuadrados, priorizando sectores de alto riesgo mediante la habilitaci\u00f3n de cortafuegos y el despeje de zonas con alta carga combustible. Estas acciones buscan prevenir incendios forestales ante el aumento de las temperaturas propias de la temporada estival.<\/p>\n<p data-start=\"867\" data-end=\"1165\">La alcaldesa de Valpara\u00edso, Camila Nieto, destac\u00f3 que la prevenci\u00f3n es una tarea compartida entre el municipio y la comunidad. \u201cEste trabajo demuestra una gesti\u00f3n que se anticipa a las emergencias, con educaci\u00f3n, planificaci\u00f3n y compromiso de nuestros equipos y de los propios vecinos\u201d, se\u00f1al\u00f3.<\/p>\n<p data-start=\"1167\" data-end=\"1422\">Vecinos de sectores hist\u00f3ricamente afectados por incendios, como el cerro Merced, valoraron positivamente las intervenciones, indicando que la limpieza de quebradas entrega mayor tranquilidad y seguridad a las familias que viven en estos sectores.<\/p>\n<p data-start=\"1424\" data-end=\"1648\">Desde el municipio explicaron que el plan no solo considera labores de desmalezado, sino tambi\u00e9n una campa\u00f1a de concientizaci\u00f3n sobre el autocuidado y la limpieza de entornos privados, fundamentales para reducir riesgos.<\/p>\n<p data-start=\"1650\" data-end=\"2038\">Finalmente, la Municipalidad record\u00f3 que los vecinos organizados que realicen limpiezas comunitarias pueden solicitar el retiro de desechos vegetales a trav\u00e9s de la Oficina Municipal de Zona (OMZ) correspondiente a su sector. Esta coordinaci\u00f3n busca evitar que los restos de maleza queden acumulados en la v\u00eda p\u00fablica y se transformen en nuevos focos de peligro durante el verano.<\/p>\n","protected":false},"excerpt":{"rendered":"<p>La Municipalidad de Valpara\u00edso intensific\u00f3 sus operativos cr\u00edticos de limpieza en el marco del Plan Verano 2025\u20132026, logrando el retiro de 408 toneladas de maleza y desechos desde distintos cerros y quebradas de la comuna. Durante los \u00faltimos tres meses, los equipos municipales han intervenido una superficie aproximada de 63 mil metros cuadrados, priorizando sectores [&hellip;]<\/p>\n","protected":false},"author":2,"featured_media":4233,"comment_status":"closed","ping_status":"open","sticky":false,"template":"","format":"standard","meta":[],"categories":[4],"tags":[],"_links":{"self":[{"href":"https:\/\/latinaradio.cl\/index.php\/wp-json\/wp\/v2\/posts\/4232"}],"collection":[{"href":"https:\/\/latinaradio.cl\/index.php\/wp-json\/wp\/v2\/posts"}],"about":[{"href":"https:\/\/latinaradio.cl\/index.php\/wp-json\/wp\/v2\/types\/post"}],"author":[{"embeddable":true,"href":"https:\/\/latinaradio.cl\/index.php\/wp-json\/wp\/v2\/users\/2"}],"replies":[{"embeddable":true,"href":"https:\/\/latinaradio.cl\/index.php\/wp-json\/wp\/v2\/comments?post=4232"}],"version-history":[{"count":1,"href":"https:\/\/latinaradio.cl\/index.php\/wp-json\/wp\/v2\/posts\/4232\/revisions"}],"predecessor-version":[{"id":4234,"href":"https:\/\/latinaradio.cl\/index.php\/wp-json\/wp\/v2\/posts\/4232\/revisions\/4234"}],"wp:featuredmedia":[{"embeddable":true,"href":"https:\/\/latinaradio.cl\/index.php\/wp-json\/wp\/v2\/media\/4233"}],"wp:attachment":[{"href":"https:\/\/latinaradio.cl\/index.php\/wp-json\/wp\/v2\/media?parent=4232"}],"wp:term":[{"taxonomy":"category","embeddable":true,"href":"https:\/\/latinaradio.cl\/index.php\/wp-json\/wp\/v2\/categories?post=4232"},{"taxonomy":"post_tag","embeddable":true,"href":"https:\/\/latinaradio.cl\/index.php\/wp-json\/wp\/v2\/tags?post=4232"}],"curies":[{"name":"wp","href":"https:\/\/api.w.org\/{rel}","templated":true}]}}