{"id":4235,"date":"2026-01-09T17:51:01","date_gmt":"2026-01-09T20:51:01","guid":{"rendered":"https:\/\/latinaradio.cl\/?p=4235"},"modified":"2026-01-09T17:51:01","modified_gmt":"2026-01-09T20:51:01","slug":"sube-el-peaje-mas-caro-del-pais-troncal-san-pedro-aumenta-sus-tarifas-desde-este-sabado","status":"publish","type":"post","link":"https:\/\/latinaradio.cl\/index.php\/2026\/01\/09\/sube-el-peaje-mas-caro-del-pais-troncal-san-pedro-aumenta-sus-tarifas-desde-este-sabado\/","title":{"rendered":"Sube el peaje m\u00e1s caro del pa\u00eds: Troncal San Pedro aumenta sus tarifas desde este s\u00e1bado"},"content":{"rendered":"<p data-start=\"181\" data-end=\"443\">Desde este s\u00e1bado 10 de enero, entrar\u00e1 en vigencia un alza en las tarifas del peaje Troncal San Pedro, ubicado en la comuna de Quillota, aumento que se aplicar\u00e1 durante el horario punta y que lo mantiene como uno de los peajes m\u00e1s caros del pa\u00eds.<\/p>\n<p data-start=\"445\" data-end=\"778\">Seg\u00fan lo informado, los veh\u00edculos de mayor tama\u00f1o ser\u00e1n los m\u00e1s afectados por el incremento. Los buses y camiones con m\u00e1s de dos ejes deber\u00e1n pagar $25.800 por pasada. En tanto, camiones, buses, maquinaria agr\u00edcola, maquinaria de construcci\u00f3n y camionetas con doble rueda trasera cancelar\u00e1n una tarifa de $14.500.<\/p>\n<p data-start=\"780\" data-end=\"997\">Por su parte, los autos, camionetas y station wagons, incluidos aquellos con uno o m\u00e1s ejes adicionales, tendr\u00e1n un valor de $8.050. En el caso de las motocicletas, el monto a pagar ser\u00e1 de $2.400.<\/p>\n<p data-start=\"999\" data-end=\"1219\">El aumento ha generado preocupaci\u00f3n entre conductores frecuentes y transportistas, considerando el impacto que este peaje tiene en la conectividad y en los costos de traslado en la provincia de Quillota y zonas aleda\u00f1as.<\/p>\n","protected":false},"excerpt":{"rendered":"<p>Desde este s\u00e1bado 10 de enero, entrar\u00e1 en vigencia un alza en las tarifas del peaje Troncal San Pedro, ubicado en la comuna de Quillota, aumento que se aplicar\u00e1 durante el horario punta y que lo mantiene como uno de los peajes m\u00e1s caros del pa\u00eds. Seg\u00fan lo informado, los veh\u00edculos de mayor tama\u00f1o ser\u00e1n [&hellip;]<\/p>\n","protected":false},"author":2,"featured_media":4236,"comment_status":"closed","ping_status":"open","sticky":false,"template":"","format":"standard","meta":[],"categories":[4],"tags":[],"_links":{"self":[{"href":"https:\/\/latinaradio.cl\/index.php\/wp-json\/wp\/v2\/posts\/4235"}],"collection":[{"href":"https:\/\/latinaradio.cl\/index.php\/wp-json\/wp\/v2\/posts"}],"about":[{"href":"https:\/\/latinaradio.cl\/index.php\/wp-json\/wp\/v2\/types\/post"}],"author":[{"embeddable":true,"href":"https:\/\/latinaradio.cl\/index.php\/wp-json\/wp\/v2\/users\/2"}],"replies":[{"embeddable":true,"href":"https:\/\/latinaradio.cl\/index.php\/wp-json\/wp\/v2\/comments?post=4235"}],"version-history":[{"count":1,"href":"https:\/\/latinaradio.cl\/index.php\/wp-json\/wp\/v2\/posts\/4235\/revisions"}],"predecessor-version":[{"id":4237,"href":"https:\/\/latinaradio.cl\/index.php\/wp-json\/wp\/v2\/posts\/4235\/revisions\/4237"}],"wp:featuredmedia":[{"embeddable":true,"href":"https:\/\/latinaradio.cl\/index.php\/wp-json\/wp\/v2\/media\/4236"}],"wp:attachment":[{"href":"https:\/\/latinaradio.cl\/index.php\/wp-json\/wp\/v2\/media?parent=4235"}],"wp:term":[{"taxonomy":"category","embeddable":true,"href":"https:\/\/latinaradio.cl\/index.php\/wp-json\/wp\/v2\/categories?post=4235"},{"taxonomy":"post_tag","embeddable":true,"href":"https:\/\/latinaradio.cl\/index.php\/wp-json\/wp\/v2\/tags?post=4235"}],"curies":[{"name":"wp","href":"https:\/\/api.w.org\/{rel}","templated":true}]}}