{"id":4265,"date":"2026-01-11T23:48:21","date_gmt":"2026-01-12T02:48:21","guid":{"rendered":"https:\/\/latinaradio.cl\/?p=4265"},"modified":"2026-01-11T23:48:21","modified_gmt":"2026-01-12T02:48:21","slug":"llegaron-de-vacaciones-y-no-habia-alojamiento-la-estafa-que-dejo-a-casi-200-familias-sin-departamento-en-renaca","status":"publish","type":"post","link":"https:\/\/latinaradio.cl\/index.php\/2026\/01\/11\/llegaron-de-vacaciones-y-no-habia-alojamiento-la-estafa-que-dejo-a-casi-200-familias-sin-departamento-en-renaca\/","title":{"rendered":"Llegaron de vacaciones y no hab\u00eda alojamiento: la estafa que dej\u00f3 a casi 200 familias sin departamento en Re\u00f1aca"},"content":{"rendered":"<div class=\"flex flex-col text-sm pb-25\">\n<article class=\"text-token-text-primary w-full focus:outline-none [--shadow-height:45px] has-data-writing-block:pointer-events-none has-data-writing-block:-mt-(--shadow-height) has-data-writing-block:pt-(--shadow-height) [&amp;:has([data-writing-block])&gt;*]:pointer-events-auto scroll-mt-[calc(var(--header-height)+min(200px,max(70px,20svh)))]\" dir=\"auto\" tabindex=\"-1\" data-turn-id=\"request-WEB:219ec46a-ef47-4d2a-b564-f7e7540e0840-7\" data-testid=\"conversation-turn-16\" data-scroll-anchor=\"true\" data-turn=\"assistant\">\n<div class=\"text-base my-auto mx-auto pb-10 [--thread-content-margin:--spacing(4)] @w-sm\/main:[--thread-content-margin:--spacing(6)] @w-lg\/main:[--thread-content-margin:--spacing(16)] px-(--thread-content-margin)\">\n<div class=\"[--thread-content-max-width:40rem] @w-lg\/main:[--thread-content-max-width:48rem] mx-auto max-w-(--thread-content-max-width) flex-1 group\/turn-messages focus-visible:outline-hidden relative flex w-full min-w-0 flex-col agent-turn\" tabindex=\"-1\">\n<div class=\"flex max-w-full flex-col grow\">\n<div class=\"min-h-8 text-message relative flex w-full flex-col items-end gap-2 text-start break-words whitespace-normal [.text-message+&amp;]:mt-1\" dir=\"auto\" data-message-author-role=\"assistant\" data-message-id=\"edcba21d-7802-4a0c-85f7-a782fae430e0\" data-message-model-slug=\"gpt-5-2\">\n<div class=\"flex w-full flex-col gap-1 empty:hidden first:pt-[1px]\">\n<div class=\"markdown prose dark:prose-invert w-full break-words dark markdown-new-styling\">\n<p data-start=\"121\" data-end=\"410\">Lo que deb\u00eda ser unas vacaciones de descanso en la costa termin\u00f3 en una amarga experiencia para cerca de 200 familias, en su mayor\u00eda turistas argentinos, que este verano llegaron a Re\u00f1aca, en Vi\u00f1a del Mar, y descubrieron que el departamento que hab\u00edan arrendado no exist\u00eda.<\/p>\n<p data-start=\"412\" data-end=\"768\">Las v\u00edctimas hab\u00edan pagado hasta 2.000 d\u00f3lares por adelantado por un supuesto apart hotel llamado <em data-start=\"514\" data-end=\"532\">\u201cHoliday Re\u00f1aca\u201d<\/em>. Sin embargo, al presentarse en el edificio real, el Holiday Park, ubicado en calle Angamos, se encontraron con una respuesta inesperada en conserjer\u00eda: no hab\u00eda ninguna reserva a su nombre ni registro del alojamiento ofrecido.<\/p>\n<p data-start=\"770\" data-end=\"1139\">Seg\u00fan los antecedentes, la estafa se realiz\u00f3 a trav\u00e9s de avisos en redes sociales, donde se mostraban fotograf\u00edas reales del edificio, junto con rese\u00f1as copiadas desde plataformas reconocidas como Booking. Adem\u00e1s, los pagos se solicitaban mediante sistemas internacionales sin posibilidad de reversa, lo que hizo pr\u00e1cticamente imposible recuperar el dinero.<\/p>\n<p data-start=\"1141\" data-end=\"1375\">El administrador leg\u00edtimo de uno de los departamentos del Holiday Park denunci\u00f3 la suplantaci\u00f3n de identidad, se\u00f1alando que tambi\u00e9n fue afectado por los reclamos de personas que llegaron creyendo que ten\u00edan una reserva v\u00e1lida.<\/p>\n<p data-start=\"1377\" data-end=\"1580\">Aunque algunas v\u00edctimas han presentado denuncias individuales, hasta el momento no existir\u00eda una investigaci\u00f3n unificada por parte de la PDI, lo que mantiene la incertidumbre entre los afectados.<\/p>\n<p data-start=\"1582\" data-end=\"1915\">Desde el sector tur\u00edstico manifestaron su preocupaci\u00f3n por el impacto de este caso en la imagen del destino y reiteraron el llamado a los visitantes a verificar que los alojamientos est\u00e9n inscritos en el registro oficial de Sernatur antes de realizar cualquier pago, especialmente cuando se trata de arriendos por redes sociales.<\/p>\n<p data-start=\"1917\" data-end=\"2013\" data-is-last-node=\"\" data-is-only-node=\"\">\n<\/div>\n<\/div>\n<\/div>\n<\/div>\n<div class=\"z-0 flex min-h-[46px] justify-start\"><\/div>\n<div class=\"mt-3 w-full empty:hidden\">\n<div class=\"text-center\"><\/div>\n<\/div>\n<\/div>\n<\/div>\n<\/article>\n<\/div>\n<div class=\"pointer-events-none h-px w-px absolute bottom-0\" aria-hidden=\"true\" data-edge=\"true\"><\/div>\n","protected":false},"excerpt":{"rendered":"<p>Lo que deb\u00eda ser unas vacaciones de descanso en la costa termin\u00f3 en una amarga experiencia para cerca de 200 familias, en su mayor\u00eda turistas argentinos, que este verano llegaron a Re\u00f1aca, en Vi\u00f1a del Mar, y descubrieron que el departamento que hab\u00edan arrendado no exist\u00eda. Las v\u00edctimas hab\u00edan pagado hasta 2.000 d\u00f3lares por adelantado [&hellip;]<\/p>\n","protected":false},"author":2,"featured_media":4266,"comment_status":"closed","ping_status":"open","sticky":false,"template":"","format":"standard","meta":[],"categories":[4],"tags":[],"_links":{"self":[{"href":"https:\/\/latinaradio.cl\/index.php\/wp-json\/wp\/v2\/posts\/4265"}],"collection":[{"href":"https:\/\/latinaradio.cl\/index.php\/wp-json\/wp\/v2\/posts"}],"about":[{"href":"https:\/\/latinaradio.cl\/index.php\/wp-json\/wp\/v2\/types\/post"}],"author":[{"embeddable":true,"href":"https:\/\/latinaradio.cl\/index.php\/wp-json\/wp\/v2\/users\/2"}],"replies":[{"embeddable":true,"href":"https:\/\/latinaradio.cl\/index.php\/wp-json\/wp\/v2\/comments?post=4265"}],"version-history":[{"count":1,"href":"https:\/\/latinaradio.cl\/index.php\/wp-json\/wp\/v2\/posts\/4265\/revisions"}],"predecessor-version":[{"id":4267,"href":"https:\/\/latinaradio.cl\/index.php\/wp-json\/wp\/v2\/posts\/4265\/revisions\/4267"}],"wp:featuredmedia":[{"embeddable":true,"href":"https:\/\/latinaradio.cl\/index.php\/wp-json\/wp\/v2\/media\/4266"}],"wp:attachment":[{"href":"https:\/\/latinaradio.cl\/index.php\/wp-json\/wp\/v2\/media?parent=4265"}],"wp:term":[{"taxonomy":"category","embeddable":true,"href":"https:\/\/latinaradio.cl\/index.php\/wp-json\/wp\/v2\/categories?post=4265"},{"taxonomy":"post_tag","embeddable":true,"href":"https:\/\/latinaradio.cl\/index.php\/wp-json\/wp\/v2\/tags?post=4265"}],"curies":[{"name":"wp","href":"https:\/\/api.w.org\/{rel}","templated":true}]}}