{"id":4268,"date":"2026-01-12T22:49:09","date_gmt":"2026-01-13T01:49:09","guid":{"rendered":"https:\/\/latinaradio.cl\/?p=4268"},"modified":"2026-01-12T22:49:09","modified_gmt":"2026-01-13T01:49:09","slug":"gobierno-inicia-desalojo-en-cerro-centinela-y-recupera-25-hectareas-de-terreno","status":"publish","type":"post","link":"https:\/\/latinaradio.cl\/index.php\/2026\/01\/12\/gobierno-inicia-desalojo-en-cerro-centinela-y-recupera-25-hectareas-de-terreno\/","title":{"rendered":"Gobierno inicia desalojo en cerro Centinela y recupera 2,5 hect\u00e1reas de terreno"},"content":{"rendered":"<p data-start=\"238\" data-end=\"412\">El operativo cumpli\u00f3 con los plazos fijados por la Corte de Apelaciones y dej\u00f3 un balance preliminar de un 80% de las viviendas demolidas en la primera jornada. El Delegado Presidencial Regional, Yanino Riquelme, entreg\u00f3 un balance positivo tras la primera jornada de desocupaci\u00f3n del cerro Centinela, destacando que el proceso se desarroll\u00f3 conforme a los plazos comprometidos ante la Corte de Apelaciones.<\/p>\n<p data-start=\"674\" data-end=\"1053\">Seg\u00fan explic\u00f3 la autoridad, el operativo comenz\u00f3 en la parcela n\u00famero 11, logrando la recuperaci\u00f3n de aproximadamente 2,5 hect\u00e1reas de terreno. Riquelme aclar\u00f3 que esta acci\u00f3n forma parte de un plan habitacional integral impulsado por el gobierno, cuyo objetivo es dar una soluci\u00f3n definitiva y ordenada al problema de vivienda en el sector, y no una simple erradicaci\u00f3n.<\/p>\n<p data-start=\"1055\" data-end=\"1390\">Durante la tarde de este lunes, el propietario del terreno lleg\u00f3 con maquinaria pesada para iniciar la demolici\u00f3n de las estructuras, alcanzando cerca del 80% de las viviendas destruidas en esa \u00e1rea. Para este martes, los trabajos continuar\u00e1n desde temprano, con apoyo de la fuerza p\u00fablica y el total de la maquinaria comprometida.<\/p>\n<p data-start=\"1392\" data-end=\"1638\">En cuanto a la seguridad, el delegado inform\u00f3 que se registraron incidentes aislados en los alrededores del operativo, los que se mantienen bajo control. El balance oficial da cuenta de tres personas detenidas por disturbios en el sector.<\/p>\n<p data-start=\"1640\" data-end=\"1841\">Finalmente, Riquelme reiter\u00f3 que el gobierno seguir\u00e1 adelante con el programa establecido, priorizando la recuperaci\u00f3n de los terrenos para los proyectos habitacionales contemplados en el plan estatal.<\/p>\n","protected":false},"excerpt":{"rendered":"<p>El operativo cumpli\u00f3 con los plazos fijados por la Corte de Apelaciones y dej\u00f3 un balance preliminar de un 80% de las viviendas demolidas en la primera jornada. El Delegado Presidencial Regional, Yanino Riquelme, entreg\u00f3 un balance positivo tras la primera jornada de desocupaci\u00f3n del cerro Centinela, destacando que el proceso se desarroll\u00f3 conforme a [&hellip;]<\/p>\n","protected":false},"author":2,"featured_media":4269,"comment_status":"closed","ping_status":"open","sticky":false,"template":"","format":"standard","meta":[],"categories":[4],"tags":[],"_links":{"self":[{"href":"https:\/\/latinaradio.cl\/index.php\/wp-json\/wp\/v2\/posts\/4268"}],"collection":[{"href":"https:\/\/latinaradio.cl\/index.php\/wp-json\/wp\/v2\/posts"}],"about":[{"href":"https:\/\/latinaradio.cl\/index.php\/wp-json\/wp\/v2\/types\/post"}],"author":[{"embeddable":true,"href":"https:\/\/latinaradio.cl\/index.php\/wp-json\/wp\/v2\/users\/2"}],"replies":[{"embeddable":true,"href":"https:\/\/latinaradio.cl\/index.php\/wp-json\/wp\/v2\/comments?post=4268"}],"version-history":[{"count":1,"href":"https:\/\/latinaradio.cl\/index.php\/wp-json\/wp\/v2\/posts\/4268\/revisions"}],"predecessor-version":[{"id":4270,"href":"https:\/\/latinaradio.cl\/index.php\/wp-json\/wp\/v2\/posts\/4268\/revisions\/4270"}],"wp:featuredmedia":[{"embeddable":true,"href":"https:\/\/latinaradio.cl\/index.php\/wp-json\/wp\/v2\/media\/4269"}],"wp:attachment":[{"href":"https:\/\/latinaradio.cl\/index.php\/wp-json\/wp\/v2\/media?parent=4268"}],"wp:term":[{"taxonomy":"category","embeddable":true,"href":"https:\/\/latinaradio.cl\/index.php\/wp-json\/wp\/v2\/categories?post=4268"},{"taxonomy":"post_tag","embeddable":true,"href":"https:\/\/latinaradio.cl\/index.php\/wp-json\/wp\/v2\/tags?post=4268"}],"curies":[{"name":"wp","href":"https:\/\/api.w.org\/{rel}","templated":true}]}}