{"id":4277,"date":"2026-01-12T23:24:05","date_gmt":"2026-01-13T02:24:05","guid":{"rendered":"https:\/\/latinaradio.cl\/?p=4277"},"modified":"2026-01-12T23:24:05","modified_gmt":"2026-01-13T02:24:05","slug":"lanzan-en-valparaiso-proyecto-que-impulsa-la-reinsercion-laboral-de-personas-en-recuperacion-por-consumo-de-drogas","status":"publish","type":"post","link":"https:\/\/latinaradio.cl\/index.php\/2026\/01\/12\/lanzan-en-valparaiso-proyecto-que-impulsa-la-reinsercion-laboral-de-personas-en-recuperacion-por-consumo-de-drogas\/","title":{"rendered":"Lanzan en Valpara\u00edso proyecto que impulsa la reinserci\u00f3n laboral de personas en recuperaci\u00f3n por consumo de drogas"},"content":{"rendered":"<p data-start=\"283\" data-end=\"613\">Con el objetivo de abrir nuevas oportunidades y apoyar los procesos de recuperaci\u00f3n, este lunes se lanz\u00f3 en Valpara\u00edso el proyecto \u201cHerramientas Digitales para el mundo laboral\u201d, una iniciativa que busca fortalecer la reinserci\u00f3n laboral de personas adultas que se encuentran en tratamiento por consumo problem\u00e1tico de drogas.<\/p>\n<p data-start=\"615\" data-end=\"871\">La actividad cont\u00f3 con la presencia de la directora nacional de SENDA, Natalia Riffo, y del gobernador regional de Valpara\u00edso, Rodrigo Mundaca, quienes destacaron la importancia de generar segundas oportunidades a trav\u00e9s del trabajo y la formaci\u00f3n.<\/p>\n<p data-start=\"873\" data-end=\"1170\">El proyecto beneficiar\u00e1 directamente a 40 personas que participan del Programa de Orientaci\u00f3n Sociolaboral (OSL) y contempla la entrega de herramientas digitales y apoyo en la vinculaci\u00f3n con redes de empleo, favoreciendo as\u00ed su incorporaci\u00f3n al mundo laboral y su desarrollo personal.<\/p>\n<p data-start=\"1172\" data-end=\"1390\">La iniciativa es financiada por el Fondo Nacional de Desarrollo Regional (FNDR) del Gobierno Regional de Valpara\u00edso, es ejecutada por la Universidad de Playa Ancha y cuenta con el apoyo de SENDA Valpara\u00edso.<\/p>\n<p data-start=\"1392\" data-end=\"1663\">Durante la ceremonia, el gobernador Rodrigo Mundaca se\u00f1al\u00f3 que este tipo de programas reflejan el compromiso de construir una regi\u00f3n de derechos, donde se prioriza a las personas y se promueven procesos de recuperaci\u00f3n basados en la dignidad y las segundas oportunidades.<\/p>\n<p data-start=\"1665\" data-end=\"1904\">Por su parte, la directora nacional de SENDA, Natalia Riffo, destac\u00f3 que la recuperaci\u00f3n tambi\u00e9n se construye desde el acceso al trabajo, subrayando que iniciativas como esta permiten avanzar hacia una reinserci\u00f3n social real y sostenible.<\/p>\n<p data-start=\"1906\" data-end=\"2169\">Uno de los beneficiarios del programa, Jorge Vega, valor\u00f3 la iniciativa se\u00f1alando que iniciar un proceso de rehabilitaci\u00f3n es un acto de valent\u00eda y que contar con apoyo para reinsertarse laboralmente permite recuperar la confianza y proyectar un nuevo futuro.<\/p>\n","protected":false},"excerpt":{"rendered":"<p>Con el objetivo de abrir nuevas oportunidades y apoyar los procesos de recuperaci\u00f3n, este lunes se lanz\u00f3 en Valpara\u00edso el proyecto \u201cHerramientas Digitales para el mundo laboral\u201d, una iniciativa que busca fortalecer la reinserci\u00f3n laboral de personas adultas que se encuentran en tratamiento por consumo problem\u00e1tico de drogas. La actividad cont\u00f3 con la presencia de [&hellip;]<\/p>\n","protected":false},"author":2,"featured_media":4278,"comment_status":"closed","ping_status":"open","sticky":false,"template":"","format":"standard","meta":[],"categories":[4],"tags":[],"_links":{"self":[{"href":"https:\/\/latinaradio.cl\/index.php\/wp-json\/wp\/v2\/posts\/4277"}],"collection":[{"href":"https:\/\/latinaradio.cl\/index.php\/wp-json\/wp\/v2\/posts"}],"about":[{"href":"https:\/\/latinaradio.cl\/index.php\/wp-json\/wp\/v2\/types\/post"}],"author":[{"embeddable":true,"href":"https:\/\/latinaradio.cl\/index.php\/wp-json\/wp\/v2\/users\/2"}],"replies":[{"embeddable":true,"href":"https:\/\/latinaradio.cl\/index.php\/wp-json\/wp\/v2\/comments?post=4277"}],"version-history":[{"count":1,"href":"https:\/\/latinaradio.cl\/index.php\/wp-json\/wp\/v2\/posts\/4277\/revisions"}],"predecessor-version":[{"id":4279,"href":"https:\/\/latinaradio.cl\/index.php\/wp-json\/wp\/v2\/posts\/4277\/revisions\/4279"}],"wp:featuredmedia":[{"embeddable":true,"href":"https:\/\/latinaradio.cl\/index.php\/wp-json\/wp\/v2\/media\/4278"}],"wp:attachment":[{"href":"https:\/\/latinaradio.cl\/index.php\/wp-json\/wp\/v2\/media?parent=4277"}],"wp:term":[{"taxonomy":"category","embeddable":true,"href":"https:\/\/latinaradio.cl\/index.php\/wp-json\/wp\/v2\/categories?post=4277"},{"taxonomy":"post_tag","embeddable":true,"href":"https:\/\/latinaradio.cl\/index.php\/wp-json\/wp\/v2\/tags?post=4277"}],"curies":[{"name":"wp","href":"https:\/\/api.w.org\/{rel}","templated":true}]}}