{"id":433,"date":"2025-05-11T20:44:57","date_gmt":"2025-05-11T23:44:57","guid":{"rendered":"https:\/\/latinaradio.cl\/?p=433"},"modified":"2025-05-11T20:44:57","modified_gmt":"2025-05-11T23:44:57","slug":"conaf-entregara-30-mil-arboles-para-crear-areas-verdes-en-la-region-de-valparaiso","status":"publish","type":"post","link":"https:\/\/latinaradio.cl\/index.php\/2025\/05\/11\/conaf-entregara-30-mil-arboles-para-crear-areas-verdes-en-la-region-de-valparaiso\/","title":{"rendered":"CONAF entregar\u00e1 30 mil \u00e1rboles para crear \u00e1reas verdes en la regi\u00f3n de Valpara\u00edso"},"content":{"rendered":"<p class=\"\" data-start=\"230\" data-end=\"479\">La Corporaci\u00f3n Nacional Forestal (CONAF) anunci\u00f3 que durante este a\u00f1o entregar\u00e1 30 mil \u00e1rboles y arbustos nativos a personas y organizaciones sociales que presenten proyectos de arborizaci\u00f3n en zonas urbanas y periurbanas de la regi\u00f3n de Valpara\u00edso.<\/p>\n<p class=\"\" data-start=\"481\" data-end=\"743\">Esta iniciativa busca fomentar la creaci\u00f3n y mantenci\u00f3n de \u00e1reas verdes que mejoren la calidad de vida de las comunidades, contribuyendo con beneficios como la provisi\u00f3n de sombra, la captura de carbono, la retenci\u00f3n de agua y el mejoramiento del entorno urbano.<\/p>\n<p class=\"\" data-start=\"745\" data-end=\"1061\"><strong data-start=\"745\" data-end=\"769\">Especies disponibles<\/strong><br data-start=\"769\" data-end=\"772\">Los \u00e1rboles y arbustos entregados son especies nativas producidas en viveros institucionales de CONAF ubicados en Valpara\u00edso, La Ligua y Llay Llay. Entre las variedades disponibles se encuentran quillay, peumo, molle, quebracho, huing\u00e1n, belloto del norte, algarrobo, tara y palma chilena.<\/p>\n<p class=\"\" data-start=\"1063\" data-end=\"1167\"><strong data-start=\"1063\" data-end=\"1082\">\u00bfC\u00f3mo postular?<\/strong><br data-start=\"1082\" data-end=\"1085\">Las personas u organizaciones interesadas pueden solicitar \u00e1rboles de dos maneras:<\/p>\n<ul data-start=\"1169\" data-end=\"1501\">\n<li class=\"\" data-start=\"1169\" data-end=\"1267\">\n<p class=\"\" data-start=\"1171\" data-end=\"1199\">Escribiendo a los correos:<\/p>\n<ul data-start=\"1202\" data-end=\"1267\">\n<li class=\"\" data-start=\"1202\" data-end=\"1230\">\n<p class=\"\" data-start=\"1204\" data-end=\"1230\"><a class=\"cursor-pointer\" rel=\"noopener\" data-start=\"1204\" data-end=\"1228\">valparaiso.oirs@conaf.cl<\/a><\/p>\n<\/li>\n<li class=\"\" data-start=\"1233\" data-end=\"1267\">\n<p class=\"\" data-start=\"1235\" data-end=\"1267\">arborizaci\u00f3<a class=\"cursor-pointer\" rel=\"noopener\" data-start=\"1246\" data-end=\"1267\">n.valparaiso@conaf.cl<\/a><\/p>\n<\/li>\n<\/ul>\n<\/li>\n<li class=\"\" data-start=\"1269\" data-end=\"1501\">\n<p class=\"\" data-start=\"1271\" data-end=\"1326\">Acudiendo presencialmente a las oficinas de CONAF en:<\/p>\n<ul data-start=\"1329\" data-end=\"1501\">\n<li class=\"\" data-start=\"1329\" data-end=\"1358\">\n<p class=\"\" data-start=\"1331\" data-end=\"1358\">Vi\u00f1a del Mar: 3 Norte 541<\/p>\n<\/li>\n<li class=\"\" data-start=\"1361\" data-end=\"1395\">\n<p class=\"\" data-start=\"1363\" data-end=\"1395\">Santo Domingo: Av. Litoral 296<\/p>\n<\/li>\n<li class=\"\" data-start=\"1398\" data-end=\"1442\">\n<p class=\"\" data-start=\"1400\" data-end=\"1442\">Quillota: Ruta Troncal Los Ceibos A 4145<\/p>\n<\/li>\n<li class=\"\" data-start=\"1445\" data-end=\"1467\">\n<p class=\"\" data-start=\"1447\" data-end=\"1467\">La Ligua: Uribe 26<\/p>\n<\/li>\n<li class=\"\" data-start=\"1470\" data-end=\"1501\">\n<p class=\"\" data-start=\"1472\" data-end=\"1501\">San Felipe: Santo Domingo 342<\/p>\n<\/li>\n<\/ul>\n<\/li>\n<\/ul>\n<p class=\"\" data-start=\"1503\" data-end=\"1671\">El equipo t\u00e9cnico de la corporaci\u00f3n evaluar\u00e1 la factibilidad de cada propuesta y, de acuerdo al stock disponible, realizar\u00e1 la entrega de ejemplares para su plantaci\u00f3n.<\/p>\n<p class=\"\" data-start=\"1673\" data-end=\"1862\">Esta entrega se enmarca en el Programa de Arborizaci\u00f3n que CONAF impulsa desde el a\u00f1o 2010, con el objetivo de aportar a la sustentabilidad de las ciudades y al bienestar de sus habitantes.<\/p>\n<p class=\"\" data-start=\"1864\" data-end=\"1945\"><strong data-start=\"1864\" data-end=\"1945\">Una invitaci\u00f3n a cuidar y mejorar nuestros entornos naturales desde lo local.<\/strong><\/p>\n","protected":false},"excerpt":{"rendered":"<p>La Corporaci\u00f3n Nacional Forestal (CONAF) anunci\u00f3 que durante este a\u00f1o entregar\u00e1 30 mil \u00e1rboles y arbustos nativos a personas y organizaciones sociales que presenten proyectos de arborizaci\u00f3n en zonas urbanas y periurbanas de la regi\u00f3n de Valpara\u00edso. Esta iniciativa busca fomentar la creaci\u00f3n y mantenci\u00f3n de \u00e1reas verdes que mejoren la calidad de vida de [&hellip;]<\/p>\n","protected":false},"author":2,"featured_media":434,"comment_status":"closed","ping_status":"open","sticky":false,"template":"","format":"standard","meta":[],"categories":[4],"tags":[],"_links":{"self":[{"href":"https:\/\/latinaradio.cl\/index.php\/wp-json\/wp\/v2\/posts\/433"}],"collection":[{"href":"https:\/\/latinaradio.cl\/index.php\/wp-json\/wp\/v2\/posts"}],"about":[{"href":"https:\/\/latinaradio.cl\/index.php\/wp-json\/wp\/v2\/types\/post"}],"author":[{"embeddable":true,"href":"https:\/\/latinaradio.cl\/index.php\/wp-json\/wp\/v2\/users\/2"}],"replies":[{"embeddable":true,"href":"https:\/\/latinaradio.cl\/index.php\/wp-json\/wp\/v2\/comments?post=433"}],"version-history":[{"count":1,"href":"https:\/\/latinaradio.cl\/index.php\/wp-json\/wp\/v2\/posts\/433\/revisions"}],"predecessor-version":[{"id":435,"href":"https:\/\/latinaradio.cl\/index.php\/wp-json\/wp\/v2\/posts\/433\/revisions\/435"}],"wp:featuredmedia":[{"embeddable":true,"href":"https:\/\/latinaradio.cl\/index.php\/wp-json\/wp\/v2\/media\/434"}],"wp:attachment":[{"href":"https:\/\/latinaradio.cl\/index.php\/wp-json\/wp\/v2\/media?parent=433"}],"wp:term":[{"taxonomy":"category","embeddable":true,"href":"https:\/\/latinaradio.cl\/index.php\/wp-json\/wp\/v2\/categories?post=433"},{"taxonomy":"post_tag","embeddable":true,"href":"https:\/\/latinaradio.cl\/index.php\/wp-json\/wp\/v2\/tags?post=433"}],"curies":[{"name":"wp","href":"https:\/\/api.w.org\/{rel}","templated":true}]}}