{"id":444,"date":"2025-05-11T21:16:51","date_gmt":"2025-05-12T00:16:51","guid":{"rendered":"https:\/\/latinaradio.cl\/?p=444"},"modified":"2025-05-11T21:16:51","modified_gmt":"2025-05-12T00:16:51","slug":"sindicato-del-parque-cultural-de-valparaiso-alerta-riesgo-de-cierre-por-falta-de-recursos","status":"publish","type":"post","link":"https:\/\/latinaradio.cl\/index.php\/2025\/05\/11\/sindicato-del-parque-cultural-de-valparaiso-alerta-riesgo-de-cierre-por-falta-de-recursos\/","title":{"rendered":"Sindicato del Parque Cultural de Valpara\u00edso alerta riesgo de cierre por falta de recursos"},"content":{"rendered":"<p class=\"\" data-start=\"200\" data-end=\"618\">El Sindicato de Trabajadores del <strong data-start=\"233\" data-end=\"273\">Parque Cultural de Valpara\u00edso (PCdV)<\/strong> emiti\u00f3 un preocupante comunicado en el que advierte sobre el <strong data-start=\"335\" data-end=\"377\">inminente riesgo de cierre del recinto<\/strong> debido a una severa crisis financiera e institucional. Seg\u00fan lo expresado, <strong data-start=\"453\" data-end=\"522\">no existen recursos para operar durante los meses de mayo y junio<\/strong>, lo que compromete tanto la continuidad del proyecto como los empleos de quienes all\u00ed trabajan.<\/p>\n<p class=\"\" data-start=\"620\" data-end=\"935\">En el texto, los trabajadores denuncian una <strong data-start=\"664\" data-end=\"716\">cr\u00edtica situaci\u00f3n administrativa y de gobernanza<\/strong>, se\u00f1alando que actualmente el Parque se encuentra <strong data-start=\"767\" data-end=\"832\">sin direcci\u00f3n ejecutiva, sin conducci\u00f3n pol\u00edtica ni operativa<\/strong>, y con un directorio que <strong data-start=\"858\" data-end=\"909\">no cuenta con el qu\u00f3rum necesario para sesionar<\/strong> y tomar decisiones clave.<\/p>\n<p class=\"\" data-start=\"937\" data-end=\"1175\">\u201c<strong data-start=\"938\" data-end=\"1018\">No existen fondos disponibles para pagar servicios b\u00e1sicos ni cubrir sueldos<\/strong>, lo que pone en riesgo la continuidad laboral de trabajadores y trabajadoras que sostienen d\u00eda a d\u00eda el funcionamiento del recinto\u201d, advierte el comunicado.<\/p>\n<p class=\"\" data-start=\"1177\" data-end=\"1514\">El conflicto se ha visto profundizado tras el <strong data-start=\"1223\" data-end=\"1266\">embargo de m\u00e1s de 160 millones de pesos<\/strong> por parte del <strong data-start=\"1281\" data-end=\"1314\">Consejo de Defensa del Estado<\/strong>, en el marco de una demanda por <strong data-start=\"1347\" data-end=\"1380\">observaciones administrativas<\/strong> detectadas en procesos anteriores. Esta acci\u00f3n ha dejado al PCdV sin margen financiero para enfrentar sus compromisos m\u00e1s inmediatos.<\/p>\n<p class=\"\" data-start=\"1516\" data-end=\"1766\">Desde el sindicato acusan <strong data-start=\"1542\" data-end=\"1577\">abandono por parte del Gobierno<\/strong>, tanto a nivel regional como nacional, frente a una situaci\u00f3n que ya hab\u00eda sido advertida con anterioridad y que, aseguran, <strong data-start=\"1702\" data-end=\"1765\">no ha recibido respuesta ni medidas de contenci\u00f3n concretas<\/strong>.<\/p>\n<p class=\"\" data-start=\"1768\" data-end=\"2095\">El Parque Cultural de Valpara\u00edso, emplazado en el excentro penitenciario de Cerro C\u00e1rcel, es uno de los espacios culturales m\u00e1s relevantes de la regi\u00f3n y del pa\u00eds. A lo largo de su historia ha albergado <strong data-start=\"1971\" data-end=\"2034\">iniciativas art\u00edsticas, sociales, comunitarias y educativas<\/strong>, convirti\u00e9ndose en un referente de gesti\u00f3n cultural p\u00fablica.<\/p>\n<p class=\"\" data-start=\"2097\" data-end=\"2392\">Ante este escenario, los trabajadores llaman a la ciudadan\u00eda y al mundo de la cultura a <strong data-start=\"2185\" data-end=\"2239\">visibilizar la crisis y exigir soluciones urgentes<\/strong>, para evitar que un espacio de enorme valor patrimonial y cultural vea interrumpido su funcionamiento por causas atribuibles a la desidia institucional<\/p>\n","protected":false},"excerpt":{"rendered":"<p>El Sindicato de Trabajadores del Parque Cultural de Valpara\u00edso (PCdV) emiti\u00f3 un preocupante comunicado en el que advierte sobre el inminente riesgo de cierre del recinto debido a una severa crisis financiera e institucional. Seg\u00fan lo expresado, no existen recursos para operar durante los meses de mayo y junio, lo que compromete tanto la continuidad [&hellip;]<\/p>\n","protected":false},"author":2,"featured_media":445,"comment_status":"closed","ping_status":"open","sticky":false,"template":"","format":"standard","meta":[],"categories":[4],"tags":[],"_links":{"self":[{"href":"https:\/\/latinaradio.cl\/index.php\/wp-json\/wp\/v2\/posts\/444"}],"collection":[{"href":"https:\/\/latinaradio.cl\/index.php\/wp-json\/wp\/v2\/posts"}],"about":[{"href":"https:\/\/latinaradio.cl\/index.php\/wp-json\/wp\/v2\/types\/post"}],"author":[{"embeddable":true,"href":"https:\/\/latinaradio.cl\/index.php\/wp-json\/wp\/v2\/users\/2"}],"replies":[{"embeddable":true,"href":"https:\/\/latinaradio.cl\/index.php\/wp-json\/wp\/v2\/comments?post=444"}],"version-history":[{"count":1,"href":"https:\/\/latinaradio.cl\/index.php\/wp-json\/wp\/v2\/posts\/444\/revisions"}],"predecessor-version":[{"id":446,"href":"https:\/\/latinaradio.cl\/index.php\/wp-json\/wp\/v2\/posts\/444\/revisions\/446"}],"wp:featuredmedia":[{"embeddable":true,"href":"https:\/\/latinaradio.cl\/index.php\/wp-json\/wp\/v2\/media\/445"}],"wp:attachment":[{"href":"https:\/\/latinaradio.cl\/index.php\/wp-json\/wp\/v2\/media?parent=444"}],"wp:term":[{"taxonomy":"category","embeddable":true,"href":"https:\/\/latinaradio.cl\/index.php\/wp-json\/wp\/v2\/categories?post=444"},{"taxonomy":"post_tag","embeddable":true,"href":"https:\/\/latinaradio.cl\/index.php\/wp-json\/wp\/v2\/tags?post=444"}],"curies":[{"name":"wp","href":"https:\/\/api.w.org\/{rel}","templated":true}]}}