{"id":452,"date":"2025-05-12T14:28:09","date_gmt":"2025-05-12T17:28:09","guid":{"rendered":"https:\/\/latinaradio.cl\/?p=452"},"modified":"2025-05-12T14:28:09","modified_gmt":"2025-05-12T17:28:09","slug":"region-de-valparaiso-lidera-migracion-interna-de-poblacion-extranjera-en-chile","status":"publish","type":"post","link":"https:\/\/latinaradio.cl\/index.php\/2025\/05\/12\/region-de-valparaiso-lidera-migracion-interna-de-poblacion-extranjera-en-chile\/","title":{"rendered":"Regi\u00f3n de Valpara\u00edso lidera migraci\u00f3n interna de poblaci\u00f3n extranjera en Chile"},"content":{"rendered":"<p class=\"\" data-start=\"206\" data-end=\"615\">La Regi\u00f3n de Valpara\u00edso se ha consolidado como uno de los destinos m\u00e1s importantes para la poblaci\u00f3n migrante en Chile, seg\u00fan revel\u00f3 un reciente informe del <strong data-start=\"363\" data-end=\"407\">Instituto Nacional de Estad\u00edsticas (INE)<\/strong>. El estudio indica que cerca de <strong data-start=\"440\" data-end=\"472\">130 mil personas extranjeras<\/strong> han llegado a esta zona desde otras regiones del pa\u00eds, posicion\u00e1ndola como la regi\u00f3n que lidera la <strong data-start=\"572\" data-end=\"614\">migraci\u00f3n interna de poblaci\u00f3n for\u00e1nea<\/strong>.<\/p>\n<p class=\"\" data-start=\"617\" data-end=\"966\">Esta tendencia refleja un cambio profundo en el panorama demogr\u00e1fico del pa\u00eds en los \u00faltimos a\u00f1os. En total, el <strong data-start=\"729\" data-end=\"769\">8,7% de la poblaci\u00f3n censada en 2024<\/strong> corresponde a personas nacidas en el extranjero, es decir, <strong data-start=\"829\" data-end=\"868\">1.608.650 migrantes internacionales<\/strong> de los m\u00e1s de 18,4 millones de habitantes contabilizados. De ese total, <strong data-start=\"941\" data-end=\"965\">el 51,7% son mujeres<\/strong>.<\/p>\n<p class=\"\" data-start=\"968\" data-end=\"1377\">Uno de los aspectos m\u00e1s llamativos del informe es el notable crecimiento del n\u00famero de migrantes que han optado por cambiar de regi\u00f3n en los \u00faltimos cinco a\u00f1os: <strong data-start=\"1129\" data-end=\"1149\">927.598 personas<\/strong> en total. Dentro de ese grupo, un 21,2% de quienes originalmente resid\u00edan en la Regi\u00f3n Metropolitana <strong data-start=\"1251\" data-end=\"1295\">se trasladaron a la Regi\u00f3n de Valpara\u00edso<\/strong>, lo que representa una de las mayores redistribuciones internas a nivel nacional.<\/p>\n<p class=\"\" data-start=\"1379\" data-end=\"1877\">La regi\u00f3n ha pasado de tener un <strong data-start=\"1411\" data-end=\"1481\">2,3% de poblaci\u00f3n migrante internacional en 2017 a un 5,3% en 2024<\/strong>, lo que implica m\u00e1s del <strong data-start=\"1506\" data-end=\"1536\">doble en apenas siete a\u00f1os<\/strong>. Las razones detr\u00e1s de este fen\u00f3meno son m\u00faltiples: la proyecci\u00f3n de estabilidad que ha tenido Chile en d\u00e9cadas recientes, el <strong data-start=\"1663\" data-end=\"1722\">deterioro econ\u00f3mico y pol\u00edtico de pa\u00edses como Venezuela<\/strong>, y m\u00e1s recientemente, <strong data-start=\"1745\" data-end=\"1772\">la pandemia de COVID-19<\/strong>, que empuj\u00f3 a muchas familias migrantes a buscar espacios con mejor calidad de vida fuera de la capital.<\/p>\n<p class=\"\" data-start=\"1879\" data-end=\"2141\">En este contexto, <strong data-start=\"1897\" data-end=\"1951\">Venezuela destaca como el principal pa\u00eds de origen<\/strong> de la poblaci\u00f3n migrante que reside hoy en la Regi\u00f3n de Valpara\u00edso, representando el <strong data-start=\"2037\" data-end=\"2056\">48,5% del total<\/strong>. Le siguen en menor medida personas provenientes de Colombia, Hait\u00ed, Per\u00fa y Bolivia.<\/p>\n<p class=\"\" data-start=\"2143\" data-end=\"2531\">El informe del INE entrega datos valiosos para la planificaci\u00f3n de pol\u00edticas p\u00fablicas, sobre todo en \u00e1reas como salud, educaci\u00f3n, trabajo y vivienda, donde el aumento de la poblaci\u00f3n extranjera genera nuevos desaf\u00edos. Asimismo, pone sobre la mesa la necesidad de fortalecer la <strong data-start=\"2420\" data-end=\"2488\">inclusi\u00f3n social, el acceso a derechos y la integraci\u00f3n cultural<\/strong> de las comunidades migrantes en la regi\u00f3n.<\/p>\n<p class=\"\" data-start=\"2533\" data-end=\"2627\">Para m\u00e1s informaci\u00f3n, puedes revisar la publicaci\u00f3n original en <strong data-start=\"2597\" data-end=\"2626\">La Estrella de Valpara\u00edso<\/strong>.<\/p>\n","protected":false},"excerpt":{"rendered":"<p>La Regi\u00f3n de Valpara\u00edso se ha consolidado como uno de los destinos m\u00e1s importantes para la poblaci\u00f3n migrante en Chile, seg\u00fan revel\u00f3 un reciente informe del Instituto Nacional de Estad\u00edsticas (INE). El estudio indica que cerca de 130 mil personas extranjeras han llegado a esta zona desde otras regiones del pa\u00eds, posicion\u00e1ndola como la regi\u00f3n [&hellip;]<\/p>\n","protected":false},"author":2,"featured_media":453,"comment_status":"closed","ping_status":"open","sticky":false,"template":"","format":"standard","meta":[],"categories":[4],"tags":[],"_links":{"self":[{"href":"https:\/\/latinaradio.cl\/index.php\/wp-json\/wp\/v2\/posts\/452"}],"collection":[{"href":"https:\/\/latinaradio.cl\/index.php\/wp-json\/wp\/v2\/posts"}],"about":[{"href":"https:\/\/latinaradio.cl\/index.php\/wp-json\/wp\/v2\/types\/post"}],"author":[{"embeddable":true,"href":"https:\/\/latinaradio.cl\/index.php\/wp-json\/wp\/v2\/users\/2"}],"replies":[{"embeddable":true,"href":"https:\/\/latinaradio.cl\/index.php\/wp-json\/wp\/v2\/comments?post=452"}],"version-history":[{"count":1,"href":"https:\/\/latinaradio.cl\/index.php\/wp-json\/wp\/v2\/posts\/452\/revisions"}],"predecessor-version":[{"id":454,"href":"https:\/\/latinaradio.cl\/index.php\/wp-json\/wp\/v2\/posts\/452\/revisions\/454"}],"wp:featuredmedia":[{"embeddable":true,"href":"https:\/\/latinaradio.cl\/index.php\/wp-json\/wp\/v2\/media\/453"}],"wp:attachment":[{"href":"https:\/\/latinaradio.cl\/index.php\/wp-json\/wp\/v2\/media?parent=452"}],"wp:term":[{"taxonomy":"category","embeddable":true,"href":"https:\/\/latinaradio.cl\/index.php\/wp-json\/wp\/v2\/categories?post=452"},{"taxonomy":"post_tag","embeddable":true,"href":"https:\/\/latinaradio.cl\/index.php\/wp-json\/wp\/v2\/tags?post=452"}],"curies":[{"name":"wp","href":"https:\/\/api.w.org\/{rel}","templated":true}]}}