{"id":455,"date":"2025-05-12T23:33:49","date_gmt":"2025-05-13T02:33:49","guid":{"rendered":"https:\/\/latinaradio.cl\/?p=455"},"modified":"2025-05-12T23:33:49","modified_gmt":"2025-05-13T02:33:49","slug":"hombre-se-lanza-al-mar-en-vina-del-mar-para-evitar-control-policial-tenia-orden-de-detencion-vigente","status":"publish","type":"post","link":"https:\/\/latinaradio.cl\/index.php\/2025\/05\/12\/hombre-se-lanza-al-mar-en-vina-del-mar-para-evitar-control-policial-tenia-orden-de-detencion-vigente\/","title":{"rendered":"Hombre se lanza al mar en Vi\u00f1a del Mar para evitar control policial: ten\u00eda orden de detenci\u00f3n vigente"},"content":{"rendered":"<p class=\"\" data-start=\"221\" data-end=\"495\">Un ins\u00f3lito y llamativo episodio ocurri\u00f3 durante la ma\u00f1ana de este lunes en Vi\u00f1a del Mar, cuando un hombre intent\u00f3 escapar de Carabineros lanz\u00e1ndose al mar, en el sector de Caleta Abarca. El hecho se produjo luego de que fuera sorprendido durmiendo dentro de un restaurante.<\/p>\n<p class=\"\" data-start=\"497\" data-end=\"881\">De acuerdo con los antecedentes entregados, fueron los propios locatarios quienes alertaron a la polic\u00eda tras encontrar al individuo al interior del local, donde incluso habr\u00eda abierto una botella de vino. Al despertar y percatarse de la presencia policial, el sujeto emprendi\u00f3 una r\u00e1pida huida hacia el borde costero, desde donde se arroj\u00f3 al mar en un intento por eludir el control.<\/p>\n<p class=\"\" data-start=\"883\" data-end=\"1138\">La situaci\u00f3n oblig\u00f3 a la intervenci\u00f3n del personal de la Armada, quienes desplegaron un operativo de rescate para sacar al hombre del agua y evitar una tragedia mayor. Posteriormente, fue derivado a un centro asistencial para verificar su estado de salud.<\/p>\n<p class=\"\" data-start=\"1140\" data-end=\"1463\">Seg\u00fan detall\u00f3 Carabineros, el sujeto es de nacionalidad venezolana y se encontraba en situaci\u00f3n migratoria irregular en Chile. Adem\u00e1s, al verificar su identidad, se constat\u00f3 que manten\u00eda una orden de detenci\u00f3n vigente, lo que refuerza las sospechas sobre su intento desesperado por escapar del control policial.<\/p>\n<p class=\"\" data-start=\"1465\" data-end=\"1618\">Una vez atendido por personal m\u00e9dico, fue entregado a Carabineros y puesto a disposici\u00f3n de la justicia para su correspondiente control de detenci\u00f3n.<\/p>\n<p class=\"\" data-start=\"1620\" data-end=\"1850\">Este hecho ha generado diversas reacciones en la comunidad local, y pone nuevamente en debate la situaci\u00f3n migratoria, el control de personas con \u00f3rdenes pendientes y el acceso irregular a recintos comerciales en zonas tur\u00edsticas.<\/p>\n","protected":false},"excerpt":{"rendered":"<p>Un ins\u00f3lito y llamativo episodio ocurri\u00f3 durante la ma\u00f1ana de este lunes en Vi\u00f1a del Mar, cuando un hombre intent\u00f3 escapar de Carabineros lanz\u00e1ndose al mar, en el sector de Caleta Abarca. El hecho se produjo luego de que fuera sorprendido durmiendo dentro de un restaurante. De acuerdo con los antecedentes entregados, fueron los propios [&hellip;]<\/p>\n","protected":false},"author":2,"featured_media":456,"comment_status":"closed","ping_status":"open","sticky":false,"template":"","format":"standard","meta":[],"categories":[2],"tags":[],"_links":{"self":[{"href":"https:\/\/latinaradio.cl\/index.php\/wp-json\/wp\/v2\/posts\/455"}],"collection":[{"href":"https:\/\/latinaradio.cl\/index.php\/wp-json\/wp\/v2\/posts"}],"about":[{"href":"https:\/\/latinaradio.cl\/index.php\/wp-json\/wp\/v2\/types\/post"}],"author":[{"embeddable":true,"href":"https:\/\/latinaradio.cl\/index.php\/wp-json\/wp\/v2\/users\/2"}],"replies":[{"embeddable":true,"href":"https:\/\/latinaradio.cl\/index.php\/wp-json\/wp\/v2\/comments?post=455"}],"version-history":[{"count":1,"href":"https:\/\/latinaradio.cl\/index.php\/wp-json\/wp\/v2\/posts\/455\/revisions"}],"predecessor-version":[{"id":457,"href":"https:\/\/latinaradio.cl\/index.php\/wp-json\/wp\/v2\/posts\/455\/revisions\/457"}],"wp:featuredmedia":[{"embeddable":true,"href":"https:\/\/latinaradio.cl\/index.php\/wp-json\/wp\/v2\/media\/456"}],"wp:attachment":[{"href":"https:\/\/latinaradio.cl\/index.php\/wp-json\/wp\/v2\/media?parent=455"}],"wp:term":[{"taxonomy":"category","embeddable":true,"href":"https:\/\/latinaradio.cl\/index.php\/wp-json\/wp\/v2\/categories?post=455"},{"taxonomy":"post_tag","embeddable":true,"href":"https:\/\/latinaradio.cl\/index.php\/wp-json\/wp\/v2\/tags?post=455"}],"curies":[{"name":"wp","href":"https:\/\/api.w.org\/{rel}","templated":true}]}}