{"id":4972,"date":"2026-03-09T12:21:03","date_gmt":"2026-03-09T15:21:03","guid":{"rendered":"https:\/\/latinaradio.cl\/?p=4972"},"modified":"2026-03-09T12:21:03","modified_gmt":"2026-03-09T15:21:03","slug":"municipalidad-de-limache-realizara-jornada-especial-de-ruta-mujer-con-horario-extendido","status":"publish","type":"post","link":"https:\/\/latinaradio.cl\/index.php\/2026\/03\/09\/municipalidad-de-limache-realizara-jornada-especial-de-ruta-mujer-con-horario-extendido\/","title":{"rendered":"Municipalidad de Limache realizar\u00e1 jornada especial de \u201cRuta Mujer\u201d con horario extendido"},"content":{"rendered":"<p data-start=\"95\" data-end=\"360\">La Municipalidad de Limache anunci\u00f3 una edici\u00f3n especial de su programa <strong data-start=\"167\" data-end=\"181\">Ruta Mujer<\/strong>, iniciativa dirigida a vecinas que, por motivos laborales o responsabilidades dom\u00e9sticas, no pueden acudir a las dependencias municipales durante el horario habitual de atenci\u00f3n.<\/p>\n<p data-start=\"362\" data-end=\"602\">La jornada se realizar\u00e1 este <strong data-start=\"391\" data-end=\"413\">martes 10 de marzo<\/strong> en el edificio consistorial, con un horario extendido que ir\u00e1 desde las <strong data-start=\"486\" data-end=\"517\">17:00 hasta las 21:00 horas<\/strong>, permitiendo as\u00ed que m\u00e1s mujeres puedan acceder a servicios y asesor\u00edas municipales.<\/p>\n<p data-start=\"604\" data-end=\"889\">El operativo tiene como objetivo acercar distintos servicios p\u00fablicos a la comunidad en un formato m\u00e1s accesible, facilitando la realizaci\u00f3n de tr\u00e1mites, la resoluci\u00f3n de dudas y el acceso a informaci\u00f3n sobre programas especialmente orientados al bienestar y desarrollo de las mujeres.<\/p>\n<p data-start=\"891\" data-end=\"1108\">Durante la actividad, las asistentes podr\u00e1n conocer la oferta program\u00e1tica municipal enfocada en el g\u00e9nero femenino, adem\u00e1s de recibir orientaci\u00f3n en diversas materias en un espacio coordinado por equipos municipales.<\/p>\n<p data-start=\"1110\" data-end=\"1336\">La iniciativa forma parte de las actividades organizadas en el marco del <strong data-start=\"1183\" data-end=\"1202\">Mes de la Mujer<\/strong>, con el prop\u00f3sito de reforzar el compromiso del municipio con una atenci\u00f3n m\u00e1s cercana, flexible y descentralizada para la comunidad.<\/p>\n<p data-start=\"1338\" data-end=\"1572\" data-is-last-node=\"\" data-is-only-node=\"\">Desde la municipalidad invitaron a todas las interesadas a acercarse al edificio consistorial y aprovechar esta instancia de atenci\u00f3n nocturna, que busca facilitar el acceso a servicios y agilizar tr\u00e1mites pendientes en un solo lugar.<\/p>\n","protected":false},"excerpt":{"rendered":"<p>La Municipalidad de Limache anunci\u00f3 una edici\u00f3n especial de su programa Ruta Mujer, iniciativa dirigida a vecinas que, por motivos laborales o responsabilidades dom\u00e9sticas, no pueden acudir a las dependencias municipales durante el horario habitual de atenci\u00f3n. La jornada se realizar\u00e1 este martes 10 de marzo en el edificio consistorial, con un horario extendido que [&hellip;]<\/p>\n","protected":false},"author":2,"featured_media":4973,"comment_status":"closed","ping_status":"open","sticky":false,"template":"","format":"standard","meta":[],"categories":[10],"tags":[],"_links":{"self":[{"href":"https:\/\/latinaradio.cl\/index.php\/wp-json\/wp\/v2\/posts\/4972"}],"collection":[{"href":"https:\/\/latinaradio.cl\/index.php\/wp-json\/wp\/v2\/posts"}],"about":[{"href":"https:\/\/latinaradio.cl\/index.php\/wp-json\/wp\/v2\/types\/post"}],"author":[{"embeddable":true,"href":"https:\/\/latinaradio.cl\/index.php\/wp-json\/wp\/v2\/users\/2"}],"replies":[{"embeddable":true,"href":"https:\/\/latinaradio.cl\/index.php\/wp-json\/wp\/v2\/comments?post=4972"}],"version-history":[{"count":1,"href":"https:\/\/latinaradio.cl\/index.php\/wp-json\/wp\/v2\/posts\/4972\/revisions"}],"predecessor-version":[{"id":4974,"href":"https:\/\/latinaradio.cl\/index.php\/wp-json\/wp\/v2\/posts\/4972\/revisions\/4974"}],"wp:featuredmedia":[{"embeddable":true,"href":"https:\/\/latinaradio.cl\/index.php\/wp-json\/wp\/v2\/media\/4973"}],"wp:attachment":[{"href":"https:\/\/latinaradio.cl\/index.php\/wp-json\/wp\/v2\/media?parent=4972"}],"wp:term":[{"taxonomy":"category","embeddable":true,"href":"https:\/\/latinaradio.cl\/index.php\/wp-json\/wp\/v2\/categories?post=4972"},{"taxonomy":"post_tag","embeddable":true,"href":"https:\/\/latinaradio.cl\/index.php\/wp-json\/wp\/v2\/tags?post=4972"}],"curies":[{"name":"wp","href":"https:\/\/api.w.org\/{rel}","templated":true}]}}