{"id":499,"date":"2025-05-14T00:45:53","date_gmt":"2025-05-14T03:45:53","guid":{"rendered":"https:\/\/latinaradio.cl\/?p=499"},"modified":"2025-05-14T00:45:53","modified_gmt":"2025-05-14T03:45:53","slug":"fallece-a-los-89-anos-jose-pepe-mujica-expresidente-de-uruguay","status":"publish","type":"post","link":"https:\/\/latinaradio.cl\/index.php\/2025\/05\/14\/fallece-a-los-89-anos-jose-pepe-mujica-expresidente-de-uruguay\/","title":{"rendered":"Fallece a los 89 a\u00f1os Jos\u00e9 \u201cPepe\u201d Mujica, expresidente de Uruguay"},"content":{"rendered":"<p class=\"\" data-start=\"260\" data-end=\"548\">Este martes 13 de mayo se confirm\u00f3 la muerte de Jos\u00e9 \u201cPepe\u201d Mujica a los 89 a\u00f1os, quien fue presidente de Uruguay entre 2010 y 2015. A fines de abril de 2024, Mujica revel\u00f3 que le hab\u00eda sido detectado un tumor maligno en el es\u00f3fago, por lo que deb\u00eda iniciar tratamiento con radioterapia.<\/p>\n<p class=\"\" data-start=\"550\" data-end=\"922\">En enero de este a\u00f1o, el propio Mujica se\u00f1al\u00f3 que el c\u00e1ncer se hab\u00eda expandido a su h\u00edgado, y lo enfrentaba con serenidad: \u201cEl c\u00e1ncer en el es\u00f3fago me est\u00e1 colonizando el h\u00edgado. Lo que pido es que me dejen tranquilo. Se termin\u00f3 mi ciclo hace rato. Sinceramente, me estoy muriendo, y el guerrero tiene derecho a su descanso\u201d, expres\u00f3 con la franqueza que lo caracterizaba.<\/p>\n<p class=\"\" data-start=\"924\" data-end=\"1138\">El pasado domingo 11 de mayo, el actual presidente de Uruguay, Yamand\u00fa Orsi, declar\u00f3 que el exmandatario se encontraba &#8220;delicado de salud y no pod\u00eda moverse&#8221;, agregando que estaban haciendo lo posible por cuidarlo.<\/p>\n<p class=\"\" data-start=\"1140\" data-end=\"1476\">La noticia fue confirmada este martes por el propio presidente Orsi a trav\u00e9s de sus redes sociales: \u201cCon profundo dolor comunicamos que falleci\u00f3 nuestro compa\u00f1ero Pepe Mujica. Presidente, militante, referente y conductor. Te vamos a extra\u00f1ar mucho, Viejo querido. Gracias por todo lo que nos diste y por tu profundo amor por tu pueblo\u201d.<\/p>\n","protected":false},"excerpt":{"rendered":"<p>Este martes 13 de mayo se confirm\u00f3 la muerte de Jos\u00e9 \u201cPepe\u201d Mujica a los 89 a\u00f1os, quien fue presidente de Uruguay entre 2010 y 2015. A fines de abril de 2024, Mujica revel\u00f3 que le hab\u00eda sido detectado un tumor maligno en el es\u00f3fago, por lo que deb\u00eda iniciar tratamiento con radioterapia. En enero [&hellip;]<\/p>\n","protected":false},"author":2,"featured_media":500,"comment_status":"closed","ping_status":"open","sticky":false,"template":"","format":"standard","meta":[],"categories":[3],"tags":[],"_links":{"self":[{"href":"https:\/\/latinaradio.cl\/index.php\/wp-json\/wp\/v2\/posts\/499"}],"collection":[{"href":"https:\/\/latinaradio.cl\/index.php\/wp-json\/wp\/v2\/posts"}],"about":[{"href":"https:\/\/latinaradio.cl\/index.php\/wp-json\/wp\/v2\/types\/post"}],"author":[{"embeddable":true,"href":"https:\/\/latinaradio.cl\/index.php\/wp-json\/wp\/v2\/users\/2"}],"replies":[{"embeddable":true,"href":"https:\/\/latinaradio.cl\/index.php\/wp-json\/wp\/v2\/comments?post=499"}],"version-history":[{"count":1,"href":"https:\/\/latinaradio.cl\/index.php\/wp-json\/wp\/v2\/posts\/499\/revisions"}],"predecessor-version":[{"id":501,"href":"https:\/\/latinaradio.cl\/index.php\/wp-json\/wp\/v2\/posts\/499\/revisions\/501"}],"wp:featuredmedia":[{"embeddable":true,"href":"https:\/\/latinaradio.cl\/index.php\/wp-json\/wp\/v2\/media\/500"}],"wp:attachment":[{"href":"https:\/\/latinaradio.cl\/index.php\/wp-json\/wp\/v2\/media?parent=499"}],"wp:term":[{"taxonomy":"category","embeddable":true,"href":"https:\/\/latinaradio.cl\/index.php\/wp-json\/wp\/v2\/categories?post=499"},{"taxonomy":"post_tag","embeddable":true,"href":"https:\/\/latinaradio.cl\/index.php\/wp-json\/wp\/v2\/tags?post=499"}],"curies":[{"name":"wp","href":"https:\/\/api.w.org\/{rel}","templated":true}]}}