{"id":502,"date":"2025-05-14T00:49:23","date_gmt":"2025-05-14T03:49:23","guid":{"rendered":"https:\/\/latinaradio.cl\/?p=502"},"modified":"2025-05-14T00:49:23","modified_gmt":"2025-05-14T03:49:23","slug":"jovenes-de-villa-alemana-brillan-en-el-mundial-de-kempo-en-portugal-y-reciben-reconocimiento-municipal","status":"publish","type":"post","link":"https:\/\/latinaradio.cl\/index.php\/2025\/05\/14\/jovenes-de-villa-alemana-brillan-en-el-mundial-de-kempo-en-portugal-y-reciben-reconocimiento-municipal\/","title":{"rendered":"J\u00f3venes de Villa Alemana brillan en el Mundial de Kempo en Portugal y reciben reconocimiento municipal"},"content":{"rendered":"<p class=\"\" data-start=\"224\" data-end=\"657\">Villa Alemana, mayo de 2025 \u2013 Una destacada participaci\u00f3n tuvieron j\u00f3venes deportistas de Villa Alemana en el Campeonato Mundial IKF y WAC de artes marciales tradicionales, realizado recientemente en Portugal. En el certamen, que reuni\u00f3 a representantes de 72 pa\u00edses, los atletas locales aportaron m\u00e1s de 26 medallas al medallero nacional, ayudando a posicionar a Chile en el tercer lugar a nivel mundial en la categor\u00eda tradicional.<\/p>\n<p class=\"\" data-start=\"659\" data-end=\"970\">La delegaci\u00f3n chilena cosech\u00f3 un total de 85 medallas, y la presencia de Villa Alemana fue una de las m\u00e1s sobresalientes. Entre los j\u00f3venes reconocidos se encuentran Alonso Gonz\u00e1lez, Antonia Cabrera y Trinidad Reyes, quienes obtuvieron m\u00faltiples preseas en disciplinas como Kata, Kempo, Submission y Gladiators.<\/p>\n<p class=\"\" data-start=\"972\" data-end=\"1224\">Alonso Gonz\u00e1lez, de tan solo 11 a\u00f1os, debut\u00f3 en un torneo mundial y obtuvo nueve medallas en diversas categor\u00edas. Antonia Cabrera se luci\u00f3 en Weapon Kata y Gladiators, mientras que Trinidad Reyes, en la categor\u00eda sub-18, sum\u00f3 siete medallas para Chile.<\/p>\n<p class=\"\" data-start=\"1226\" data-end=\"1409\">El municipio de Villa Alemana reconoci\u00f3 oficialmente a estos j\u00f3venes por su esfuerzo, compromiso y excelente desempe\u00f1o, destacando el orgullo que representan para la comuna y el pa\u00eds.<\/p>\n","protected":false},"excerpt":{"rendered":"<p>Villa Alemana, mayo de 2025 \u2013 Una destacada participaci\u00f3n tuvieron j\u00f3venes deportistas de Villa Alemana en el Campeonato Mundial IKF y WAC de artes marciales tradicionales, realizado recientemente en Portugal. En el certamen, que reuni\u00f3 a representantes de 72 pa\u00edses, los atletas locales aportaron m\u00e1s de 26 medallas al medallero nacional, ayudando a posicionar a [&hellip;]<\/p>\n","protected":false},"author":2,"featured_media":503,"comment_status":"closed","ping_status":"open","sticky":false,"template":"","format":"standard","meta":[],"categories":[4],"tags":[],"_links":{"self":[{"href":"https:\/\/latinaradio.cl\/index.php\/wp-json\/wp\/v2\/posts\/502"}],"collection":[{"href":"https:\/\/latinaradio.cl\/index.php\/wp-json\/wp\/v2\/posts"}],"about":[{"href":"https:\/\/latinaradio.cl\/index.php\/wp-json\/wp\/v2\/types\/post"}],"author":[{"embeddable":true,"href":"https:\/\/latinaradio.cl\/index.php\/wp-json\/wp\/v2\/users\/2"}],"replies":[{"embeddable":true,"href":"https:\/\/latinaradio.cl\/index.php\/wp-json\/wp\/v2\/comments?post=502"}],"version-history":[{"count":1,"href":"https:\/\/latinaradio.cl\/index.php\/wp-json\/wp\/v2\/posts\/502\/revisions"}],"predecessor-version":[{"id":504,"href":"https:\/\/latinaradio.cl\/index.php\/wp-json\/wp\/v2\/posts\/502\/revisions\/504"}],"wp:featuredmedia":[{"embeddable":true,"href":"https:\/\/latinaradio.cl\/index.php\/wp-json\/wp\/v2\/media\/503"}],"wp:attachment":[{"href":"https:\/\/latinaradio.cl\/index.php\/wp-json\/wp\/v2\/media?parent=502"}],"wp:term":[{"taxonomy":"category","embeddable":true,"href":"https:\/\/latinaradio.cl\/index.php\/wp-json\/wp\/v2\/categories?post=502"},{"taxonomy":"post_tag","embeddable":true,"href":"https:\/\/latinaradio.cl\/index.php\/wp-json\/wp\/v2\/tags?post=502"}],"curies":[{"name":"wp","href":"https:\/\/api.w.org\/{rel}","templated":true}]}}