{"id":5026,"date":"2026-03-11T15:41:05","date_gmt":"2026-03-11T18:41:05","guid":{"rendered":"https:\/\/latinaradio.cl\/?p=5026"},"modified":"2026-03-11T15:41:05","modified_gmt":"2026-03-11T18:41:05","slug":"mon-laferte-agota-dos-conciertos-en-el-movistar-arena","status":"publish","type":"post","link":"https:\/\/latinaradio.cl\/index.php\/2026\/03\/11\/mon-laferte-agota-dos-conciertos-en-el-movistar-arena\/","title":{"rendered":"Mon Laferte agota dos conciertos en el Movistar Arena"},"content":{"rendered":"<p data-start=\"59\" data-end=\"313\">Gran expectaci\u00f3n han generado los pr\u00f3ximos conciertos de la cantante chilena Mon Laferte, luego de que la productora Bizarro Live Entertainment anunciara que las dos fechas programadas en el Movistar Arena ya se encuentran completamente agotadas.<\/p>\n<p data-start=\"315\" data-end=\"569\">Seg\u00fan inform\u00f3 la productora, los shows fijados para el 14 y 19 de mayo lograron vender la totalidad de sus entradas en poco tiempo, confirmando una vez m\u00e1s el gran momento que vive la artista y la fuerte conexi\u00f3n que mantiene con su p\u00fablico en Chile.<\/p>\n<p data-start=\"571\" data-end=\"916\">Ambas presentaciones prometen ser noches intensas y cargadas de emoci\u00f3n, donde la int\u00e9rprete repasar\u00e1 parte importante de su repertorio, incluyendo sus grandes \u00e9xitos y canciones que han marcado su trayectoria musical. Los conciertos tambi\u00e9n estar\u00e1n acompa\u00f1ados de la puesta en escena y la fuerza interpretativa que caracteriza a la artista.<\/p>\n<p data-start=\"918\" data-end=\"1164\">Mon Laferte se ha consolidado en los \u00faltimos a\u00f1os como una de las voces m\u00e1s reconocidas de la m\u00fasica latina, con una carrera que la ha llevado a presentarse en importantes escenarios internacionales y a recibir diversos premios y reconocimientos.<\/p>\n<p data-start=\"1166\" data-end=\"1399\" data-is-last-node=\"\" data-is-only-node=\"\">Con estas dos fechas completamente agotadas en el Movistar Arena, la cantante vuelve a demostrar su gran convocatoria y el cari\u00f1o del p\u00fablico, que espera disfrutar de dos jornadas llenas de m\u00fasica, pasi\u00f3n y momentos inolvidables.<\/p>\n","protected":false},"excerpt":{"rendered":"<p>Gran expectaci\u00f3n han generado los pr\u00f3ximos conciertos de la cantante chilena Mon Laferte, luego de que la productora Bizarro Live Entertainment anunciara que las dos fechas programadas en el Movistar Arena ya se encuentran completamente agotadas. Seg\u00fan inform\u00f3 la productora, los shows fijados para el 14 y 19 de mayo lograron vender la totalidad de [&hellip;]<\/p>\n","protected":false},"author":2,"featured_media":5027,"comment_status":"closed","ping_status":"open","sticky":false,"template":"","format":"standard","meta":[],"categories":[8],"tags":[],"_links":{"self":[{"href":"https:\/\/latinaradio.cl\/index.php\/wp-json\/wp\/v2\/posts\/5026"}],"collection":[{"href":"https:\/\/latinaradio.cl\/index.php\/wp-json\/wp\/v2\/posts"}],"about":[{"href":"https:\/\/latinaradio.cl\/index.php\/wp-json\/wp\/v2\/types\/post"}],"author":[{"embeddable":true,"href":"https:\/\/latinaradio.cl\/index.php\/wp-json\/wp\/v2\/users\/2"}],"replies":[{"embeddable":true,"href":"https:\/\/latinaradio.cl\/index.php\/wp-json\/wp\/v2\/comments?post=5026"}],"version-history":[{"count":1,"href":"https:\/\/latinaradio.cl\/index.php\/wp-json\/wp\/v2\/posts\/5026\/revisions"}],"predecessor-version":[{"id":5028,"href":"https:\/\/latinaradio.cl\/index.php\/wp-json\/wp\/v2\/posts\/5026\/revisions\/5028"}],"wp:featuredmedia":[{"embeddable":true,"href":"https:\/\/latinaradio.cl\/index.php\/wp-json\/wp\/v2\/media\/5027"}],"wp:attachment":[{"href":"https:\/\/latinaradio.cl\/index.php\/wp-json\/wp\/v2\/media?parent=5026"}],"wp:term":[{"taxonomy":"category","embeddable":true,"href":"https:\/\/latinaradio.cl\/index.php\/wp-json\/wp\/v2\/categories?post=5026"},{"taxonomy":"post_tag","embeddable":true,"href":"https:\/\/latinaradio.cl\/index.php\/wp-json\/wp\/v2\/tags?post=5026"}],"curies":[{"name":"wp","href":"https:\/\/api.w.org\/{rel}","templated":true}]}}