{"id":511,"date":"2025-05-14T01:09:22","date_gmt":"2025-05-14T04:09:22","guid":{"rendered":"https:\/\/latinaradio.cl\/?p=511"},"modified":"2025-05-14T01:09:22","modified_gmt":"2025-05-14T04:09:22","slug":"celebracion-de-los-dias-de-los-patrimonios-2025-en-olmue","status":"publish","type":"post","link":"https:\/\/latinaradio.cl\/index.php\/2025\/05\/14\/celebracion-de-los-dias-de-los-patrimonios-2025-en-olmue\/","title":{"rendered":"Celebraci\u00f3n de los D\u00edas de los Patrimonios 2025 en Olmu\u00e9"},"content":{"rendered":"<p class=\"\" data-start=\"201\" data-end=\"450\">Durante el mes de mayo, la comuna de Olmu\u00e9 ser\u00e1 parte de la celebraci\u00f3n nacional de los D\u00edas de los Patrimonios, con una programaci\u00f3n que invita a la comunidad a conocer, recorrer y valorar el patrimonio hist\u00f3rico, natural y cultural del territorio.<\/p>\n<p class=\"\" data-start=\"452\" data-end=\"480\"><strong data-start=\"452\" data-end=\"480\">Programa de actividades:<\/strong><\/p>\n<p class=\"\" data-start=\"482\" data-end=\"677\"><strong data-start=\"482\" data-end=\"503\">Martes 13 de mayo<\/strong><br data-start=\"503\" data-end=\"506\">16:00 a 17:00 horas<br data-start=\"525\" data-end=\"528\">Sal\u00f3n Multiuso Luciano Placencio Campos<br data-start=\"567\" data-end=\"570\">Ciclo de conferencias: \u201cLa Guerra del Pac\u00edfico\u201d, junto a la Academia de Historia Naval y Mar\u00edtima de Chile.<\/p>\n<p class=\"\" data-start=\"679\" data-end=\"911\"><strong data-start=\"679\" data-end=\"703\">Mi\u00e9rcoles 14 de mayo<\/strong><br data-start=\"703\" data-end=\"706\">12:00 horas<br data-start=\"717\" data-end=\"720\">Sal\u00f3n Multiuso Luciano Placencio Campos<br data-start=\"759\" data-end=\"762\">Inauguraci\u00f3n de la Exposici\u00f3n de Bailes Chinos.<br data-start=\"809\" data-end=\"812\">(La muestra estar\u00e1 abierta hasta el 20 de mayo, de lunes a viernes, entre las 10:00 y 14:00 horas.)<\/p>\n<p class=\"\" data-start=\"913\" data-end=\"1127\"><strong data-start=\"913\" data-end=\"934\">Martes 20 de mayo<\/strong><br data-start=\"934\" data-end=\"937\">10:00 horas<br data-start=\"948\" data-end=\"951\">Sal\u00f3n Multiuso Luciano Placencio Campos<br data-start=\"990\" data-end=\"993\">Cierre de la Exposici\u00f3n de Bailes Chinos.<br data-start=\"1034\" data-end=\"1037\">16:00 a 17:00 horas<br data-start=\"1056\" data-end=\"1059\">Segunda jornada del ciclo de conferencias: \u201cLa Guerra del Pac\u00edfico\u201d.<\/p>\n<p class=\"\" data-start=\"1129\" data-end=\"1246\"><strong data-start=\"1129\" data-end=\"1151\">Viernes 23 de mayo<\/strong><br data-start=\"1151\" data-end=\"1154\">16:00 horas<br data-start=\"1165\" data-end=\"1168\">Capilla de La Dormida<br data-start=\"1189\" data-end=\"1192\">Presentaci\u00f3n de la Orquesta Infantil Juvenil de Olmu\u00e9.<\/p>\n<p class=\"\" data-start=\"1248\" data-end=\"1614\"><strong data-start=\"1248\" data-end=\"1294\">S\u00e1bado 24 de mayo \u2013 D\u00eda de los Patrimonios<\/strong><br data-start=\"1294\" data-end=\"1297\">08:30 horas<br data-start=\"1308\" data-end=\"1311\">Parque Nacional La Campana<br data-start=\"1337\" data-end=\"1340\">Excursi\u00f3n ecol\u00f3gica (requiere inscripci\u00f3n previa en la Oficina de Medio Ambiente. Cupos limitados a 40 personas mayores de 18 a\u00f1os).<br data-start=\"1472\" data-end=\"1475\">12:00 horas<br data-start=\"1486\" data-end=\"1489\">Capilla La Dormida<br data-start=\"1507\" data-end=\"1510\">Apertura y recorrido patrimonial.<br data-start=\"1543\" data-end=\"1546\">Inscripciones en la Oficina de Turismo y Cultura al +56 9 9449 5874.<\/p>\n<p class=\"\" data-start=\"1616\" data-end=\"1772\"><strong data-start=\"1616\" data-end=\"1637\">Martes 27 de mayo<\/strong><br data-start=\"1637\" data-end=\"1640\">16:00 a 17:00 horas<br data-start=\"1659\" data-end=\"1662\">Sal\u00f3n Multiuso Luciano Placencio Campos<br data-start=\"1701\" data-end=\"1704\">Tercera jornada del ciclo de conferencias: \u201cLa Guerra del Pac\u00edfico\u201d.<\/p>\n<p class=\"\" data-start=\"1774\" data-end=\"1915\"><strong data-start=\"1774\" data-end=\"1795\">Jueves 29 de mayo<\/strong><br data-start=\"1795\" data-end=\"1798\">15:30 a 17:30 horas<br data-start=\"1817\" data-end=\"1820\">Sal\u00f3n Hoster\u00eda El Copihue<br data-start=\"1845\" data-end=\"1848\">Taller sobre patrimonio local, en colaboraci\u00f3n con Fundaci\u00f3n Rond\u00f3.<\/p>\n<p class=\"\" data-start=\"1917\" data-end=\"2058\">Durante todo el mes se seguir\u00e1n sumando actividades. La informaci\u00f3n actualizada estar\u00e1 disponible en las plataformas oficiales del municipio.<\/p>\n<p data-start=\"1917\" data-end=\"2058\"><img decoding=\"async\" loading=\"lazy\" class=\" wp-image-512 aligncenter\" src=\"https:\/\/latinaradio.cl\/wp-content\/uploads\/2025\/05\/dia-del-patrimonio-Olmue-240x300.jpg\" alt=\"\" width=\"242\" height=\"303\" srcset=\"https:\/\/latinaradio.cl\/wp-content\/uploads\/2025\/05\/dia-del-patrimonio-Olmue-240x300.jpg 240w, https:\/\/latinaradio.cl\/wp-content\/uploads\/2025\/05\/dia-del-patrimonio-Olmue-819x1024.jpg 819w, https:\/\/latinaradio.cl\/wp-content\/uploads\/2025\/05\/dia-del-patrimonio-Olmue-768x960.jpg 768w, https:\/\/latinaradio.cl\/wp-content\/uploads\/2025\/05\/dia-del-patrimonio-Olmue.jpg 1080w\" sizes=\"(max-width: 242px) 100vw, 242px\"><\/p>\n","protected":false},"excerpt":{"rendered":"<p>Durante el mes de mayo, la comuna de Olmu\u00e9 ser\u00e1 parte de la celebraci\u00f3n nacional de los D\u00edas de los Patrimonios, con una programaci\u00f3n que invita a la comunidad a conocer, recorrer y valorar el patrimonio hist\u00f3rico, natural y cultural del territorio. Programa de actividades: Martes 13 de mayo16:00 a 17:00 horasSal\u00f3n Multiuso Luciano Placencio [&hellip;]<\/p>\n","protected":false},"author":2,"featured_media":513,"comment_status":"closed","ping_status":"open","sticky":false,"template":"","format":"standard","meta":[],"categories":[8],"tags":[],"_links":{"self":[{"href":"https:\/\/latinaradio.cl\/index.php\/wp-json\/wp\/v2\/posts\/511"}],"collection":[{"href":"https:\/\/latinaradio.cl\/index.php\/wp-json\/wp\/v2\/posts"}],"about":[{"href":"https:\/\/latinaradio.cl\/index.php\/wp-json\/wp\/v2\/types\/post"}],"author":[{"embeddable":true,"href":"https:\/\/latinaradio.cl\/index.php\/wp-json\/wp\/v2\/users\/2"}],"replies":[{"embeddable":true,"href":"https:\/\/latinaradio.cl\/index.php\/wp-json\/wp\/v2\/comments?post=511"}],"version-history":[{"count":1,"href":"https:\/\/latinaradio.cl\/index.php\/wp-json\/wp\/v2\/posts\/511\/revisions"}],"predecessor-version":[{"id":514,"href":"https:\/\/latinaradio.cl\/index.php\/wp-json\/wp\/v2\/posts\/511\/revisions\/514"}],"wp:featuredmedia":[{"embeddable":true,"href":"https:\/\/latinaradio.cl\/index.php\/wp-json\/wp\/v2\/media\/513"}],"wp:attachment":[{"href":"https:\/\/latinaradio.cl\/index.php\/wp-json\/wp\/v2\/media?parent=511"}],"wp:term":[{"taxonomy":"category","embeddable":true,"href":"https:\/\/latinaradio.cl\/index.php\/wp-json\/wp\/v2\/categories?post=511"},{"taxonomy":"post_tag","embeddable":true,"href":"https:\/\/latinaradio.cl\/index.php\/wp-json\/wp\/v2\/tags?post=511"}],"curies":[{"name":"wp","href":"https:\/\/api.w.org\/{rel}","templated":true}]}}