{"id":519,"date":"2025-05-14T23:33:13","date_gmt":"2025-05-15T02:33:13","guid":{"rendered":"https:\/\/latinaradio.cl\/?p=519"},"modified":"2025-05-14T23:33:13","modified_gmt":"2025-05-15T02:33:13","slug":"valparaiso-sera-sede-del-encuentra-municipios-2025","status":"publish","type":"post","link":"https:\/\/latinaradio.cl\/index.php\/2025\/05\/14\/valparaiso-sera-sede-del-encuentra-municipios-2025\/","title":{"rendered":"Valpara\u00edso ser\u00e1 sede del Encuentra Municipios 2025"},"content":{"rendered":"<p class=\"\" data-start=\"215\" data-end=\"680\">La ciudad de Valpara\u00edso ser\u00e1 el escenario de la segunda versi\u00f3n del &#8220;Encuentra Municipios&#8221;, un evento que reunir\u00e1 a autoridades comunales, acad\u00e9micos, expertos en gesti\u00f3n p\u00fablica y representantes de distintas instituciones del pa\u00eds. La actividad se realizar\u00e1 los d\u00edas 4, 5 y 6 de junio en el Sal\u00f3n de Honor de la Pontificia Universidad Cat\u00f3lica de Valpara\u00edso y en la Escuela de Administraci\u00f3n P\u00fablica de la Universidad de Valpara\u00edso, ubicada en el Campus Las Heras.<\/p>\n<p class=\"\" data-start=\"682\" data-end=\"996\">Este encuentro busca ser un espacio de formaci\u00f3n, di\u00e1logo y colaboraci\u00f3n entre quienes trabajan en y con los municipios. Habr\u00e1 conferencias, paneles tem\u00e1ticos, seminarios de capacitaci\u00f3n y actividades de networking que permitir\u00e1n compartir herramientas y experiencias para mejorar la gesti\u00f3n p\u00fablica a nivel local.<\/p>\n<p class=\"\" data-start=\"998\" data-end=\"1282\">Seg\u00fan explic\u00f3 Gonzalo Ravanal, director ejecutivo de Encuentra Municipios, este es un evento que invita a encontrarse no solo entre los distintos sectores vinculados al mundo municipal, sino tambi\u00e9n con la ciudad de Valpara\u00edso, destacando su riqueza hist\u00f3rica, cultural y patrimonial.<\/p>\n<p class=\"\" data-start=\"1284\" data-end=\"1551\">Entre los temas que se abordar\u00e1n este a\u00f1o destacan los desaf\u00edos de la administraci\u00f3n municipal en el contexto de la transformaci\u00f3n digital, el fortalecimiento de la soberan\u00eda comunal y nuevas miradas sobre la participaci\u00f3n ciudadana y el rol de los gobiernos locales.<\/p>\n<p class=\"\" data-start=\"1553\" data-end=\"1952\">Algunos de los expositores confirmados son el historiador Gabriel Salazar, la alcaldesa de Valpara\u00edso Camila Nieto, la alcaldesa de Vi\u00f1a del Mar Macarena Ripamonti, el presidente de la Asociaci\u00f3n Chilena de Municipalidades Gustavo Alessandri, la presidenta de la Confederaci\u00f3n Nacional de Funcionarios Morelia Riob\u00f3 y la investigadora de Fundaci\u00f3n Sol, Venus Reyes, entre otros invitados destacados.<\/p>\n<p class=\"\" data-start=\"1954\" data-end=\"2221\">La participaci\u00f3n es gratuita, pero requiere inscripci\u00f3n previa a trav\u00e9s del sitio web <a class=\"\" href=\"http:\/\/www.encuentramunicipios.cl\" target=\"_new\" rel=\"noopener\" data-start=\"2040\" data-end=\"2066\">www.encuentramunicipios.cl<\/a>, donde tambi\u00e9n se encuentra disponible el programa completo y el detalle de todas las actividades. Las inscripciones estar\u00e1n abiertas hasta el 25 de mayo.<\/p>\n<p class=\"\" data-start=\"2223\" data-end=\"2365\">Una excelente oportunidad para seguir fortaleciendo la gesti\u00f3n municipal desde la colaboraci\u00f3n, la formaci\u00f3n y el encuentro entre territorios.<\/p>\n","protected":false},"excerpt":{"rendered":"<p>La ciudad de Valpara\u00edso ser\u00e1 el escenario de la segunda versi\u00f3n del &#8220;Encuentra Municipios&#8221;, un evento que reunir\u00e1 a autoridades comunales, acad\u00e9micos, expertos en gesti\u00f3n p\u00fablica y representantes de distintas instituciones del pa\u00eds. La actividad se realizar\u00e1 los d\u00edas 4, 5 y 6 de junio en el Sal\u00f3n de Honor de la Pontificia Universidad Cat\u00f3lica [&hellip;]<\/p>\n","protected":false},"author":2,"featured_media":520,"comment_status":"closed","ping_status":"open","sticky":false,"template":"","format":"standard","meta":[],"categories":[3],"tags":[],"_links":{"self":[{"href":"https:\/\/latinaradio.cl\/index.php\/wp-json\/wp\/v2\/posts\/519"}],"collection":[{"href":"https:\/\/latinaradio.cl\/index.php\/wp-json\/wp\/v2\/posts"}],"about":[{"href":"https:\/\/latinaradio.cl\/index.php\/wp-json\/wp\/v2\/types\/post"}],"author":[{"embeddable":true,"href":"https:\/\/latinaradio.cl\/index.php\/wp-json\/wp\/v2\/users\/2"}],"replies":[{"embeddable":true,"href":"https:\/\/latinaradio.cl\/index.php\/wp-json\/wp\/v2\/comments?post=519"}],"version-history":[{"count":1,"href":"https:\/\/latinaradio.cl\/index.php\/wp-json\/wp\/v2\/posts\/519\/revisions"}],"predecessor-version":[{"id":521,"href":"https:\/\/latinaradio.cl\/index.php\/wp-json\/wp\/v2\/posts\/519\/revisions\/521"}],"wp:featuredmedia":[{"embeddable":true,"href":"https:\/\/latinaradio.cl\/index.php\/wp-json\/wp\/v2\/media\/520"}],"wp:attachment":[{"href":"https:\/\/latinaradio.cl\/index.php\/wp-json\/wp\/v2\/media?parent=519"}],"wp:term":[{"taxonomy":"category","embeddable":true,"href":"https:\/\/latinaradio.cl\/index.php\/wp-json\/wp\/v2\/categories?post=519"},{"taxonomy":"post_tag","embeddable":true,"href":"https:\/\/latinaradio.cl\/index.php\/wp-json\/wp\/v2\/tags?post=519"}],"curies":[{"name":"wp","href":"https:\/\/api.w.org\/{rel}","templated":true}]}}