{"id":522,"date":"2025-05-14T23:37:43","date_gmt":"2025-05-15T02:37:43","guid":{"rendered":"https:\/\/latinaradio.cl\/?p=522"},"modified":"2025-05-14T23:37:43","modified_gmt":"2025-05-15T02:37:43","slug":"profesores-se-movilizan-en-valparaiso-paro-docente-exige-respuestas-al-gobierno","status":"publish","type":"post","link":"https:\/\/latinaradio.cl\/index.php\/2025\/05\/14\/profesores-se-movilizan-en-valparaiso-paro-docente-exige-respuestas-al-gobierno\/","title":{"rendered":"Profesores se movilizan en Valpara\u00edso: Paro docente exige respuestas al Gobierno"},"content":{"rendered":"<p class=\"\" data-start=\"240\" data-end=\"561\">Este jueves 15 de mayo, profesores y profesoras de toda la Regi\u00f3n de Valpara\u00edso se sumar\u00e1n al paro nacional convocado por el Colegio de Profesores de Chile. La jornada busca exigir respuestas concretas al Gobierno frente a una serie de demandas hist\u00f3ricas que a\u00fan no han sido resueltas, pese a los compromisos adquiridos.<\/p>\n<p class=\"\" data-start=\"563\" data-end=\"783\">En la zona, la movilizaci\u00f3n tendr\u00e1 su epicentro en Valpara\u00edso, con una marcha regional que comenzar\u00e1 a las 11:00 horas en Plaza Sotomayor y que convocar\u00e1 a docentes de distintas comunas del Gran Valpara\u00edso y alrededores.<\/p>\n<p class=\"\" data-start=\"785\" data-end=\"1280\">Entre los puntos principales que el gremio busca poner sobre la mesa se encuentran el avance urgente de la denominada Agenda Corta, la promulgaci\u00f3n de una Ley de Titularidad, la reducci\u00f3n del agobio laboral, medidas frente al aumento de la violencia escolar, mejoras en el reconocimiento del rol del profesor jefe y la necesidad de revisar el funcionamiento de los Servicios Locales de Educaci\u00f3n (SLEP), cuya implementaci\u00f3n ha generado m\u00faltiples cr\u00edticas por su falta de recursos y coordinaci\u00f3n.<\/p>\n<p class=\"\" data-start=\"1282\" data-end=\"1704\">Los dirigentes regionales del Colegio de Profesores han llamado a las comunidades escolares a apoyar esta movilizaci\u00f3n, destacando que no solo se trata de reivindicaciones laborales, sino tambi\u00e9n del futuro de la Educaci\u00f3n P\u00fablica en el pa\u00eds. \u201cQueremos que las autoridades entiendan que nuestras demandas no pueden seguir esperando. Estamos hablando de condiciones m\u00ednimas para ense\u00f1ar y aprender con dignidad\u201d, se\u00f1alaron.<\/p>\n<p class=\"\" data-start=\"1706\" data-end=\"2005\">Adem\u00e1s, la jornada busca enviar una se\u00f1al clara al Presidente Gabriel Boric. Desde el gremio recuerdan que durante su etapa de dirigente estudiantil defendi\u00f3 activamente la Educaci\u00f3n P\u00fablica, y esperan que hoy, desde La Moneda, impulse los cambios estructurales que el sistema necesita con urgencia.<\/p>\n<p class=\"\" data-start=\"2007\" data-end=\"2205\">La movilizaci\u00f3n en Valpara\u00edso se suma a una jornada nacional de protesta, cuyo objetivo es visibilizar el malestar del profesorado y su disposici\u00f3n a movilizarse hasta que existan avances concretos.<\/p>\n","protected":false},"excerpt":{"rendered":"<p>Este jueves 15 de mayo, profesores y profesoras de toda la Regi\u00f3n de Valpara\u00edso se sumar\u00e1n al paro nacional convocado por el Colegio de Profesores de Chile. La jornada busca exigir respuestas concretas al Gobierno frente a una serie de demandas hist\u00f3ricas que a\u00fan no han sido resueltas, pese a los compromisos adquiridos. En la [&hellip;]<\/p>\n","protected":false},"author":2,"featured_media":523,"comment_status":"closed","ping_status":"open","sticky":false,"template":"","format":"standard","meta":[],"categories":[3],"tags":[],"_links":{"self":[{"href":"https:\/\/latinaradio.cl\/index.php\/wp-json\/wp\/v2\/posts\/522"}],"collection":[{"href":"https:\/\/latinaradio.cl\/index.php\/wp-json\/wp\/v2\/posts"}],"about":[{"href":"https:\/\/latinaradio.cl\/index.php\/wp-json\/wp\/v2\/types\/post"}],"author":[{"embeddable":true,"href":"https:\/\/latinaradio.cl\/index.php\/wp-json\/wp\/v2\/users\/2"}],"replies":[{"embeddable":true,"href":"https:\/\/latinaradio.cl\/index.php\/wp-json\/wp\/v2\/comments?post=522"}],"version-history":[{"count":1,"href":"https:\/\/latinaradio.cl\/index.php\/wp-json\/wp\/v2\/posts\/522\/revisions"}],"predecessor-version":[{"id":524,"href":"https:\/\/latinaradio.cl\/index.php\/wp-json\/wp\/v2\/posts\/522\/revisions\/524"}],"wp:featuredmedia":[{"embeddable":true,"href":"https:\/\/latinaradio.cl\/index.php\/wp-json\/wp\/v2\/media\/523"}],"wp:attachment":[{"href":"https:\/\/latinaradio.cl\/index.php\/wp-json\/wp\/v2\/media?parent=522"}],"wp:term":[{"taxonomy":"category","embeddable":true,"href":"https:\/\/latinaradio.cl\/index.php\/wp-json\/wp\/v2\/categories?post=522"},{"taxonomy":"post_tag","embeddable":true,"href":"https:\/\/latinaradio.cl\/index.php\/wp-json\/wp\/v2\/tags?post=522"}],"curies":[{"name":"wp","href":"https:\/\/api.w.org\/{rel}","templated":true}]}}