{"id":531,"date":"2025-05-15T23:10:35","date_gmt":"2025-05-16T02:10:35","guid":{"rendered":"https:\/\/latinaradio.cl\/?p=531"},"modified":"2025-05-15T23:10:35","modified_gmt":"2025-05-16T02:10:35","slug":"valparaiso-hombre-fue-rescatado-desde-quebrada-en-laguna-verde-y-acusa-haber-sido-victima-de-secuestro","status":"publish","type":"post","link":"https:\/\/latinaradio.cl\/index.php\/2025\/05\/15\/valparaiso-hombre-fue-rescatado-desde-quebrada-en-laguna-verde-y-acusa-haber-sido-victima-de-secuestro\/","title":{"rendered":"Valpara\u00edso: hombre fue rescatado desde quebrada en Laguna Verde y acusa haber sido v\u00edctima de secuestro"},"content":{"rendered":"<p class=\"\" data-start=\"239\" data-end=\"499\">Durante la noche del martes, un operativo de emergencia se despleg\u00f3 en el sector de Camino Viejo Las Docas, en Laguna Verde, comuna de Valpara\u00edso, para rescatar a un hombre de 33 a\u00f1os que se encontraba al interior de una quebrada de dif\u00edcil acceso.<\/p>\n<p class=\"\" data-start=\"501\" data-end=\"751\">El procedimiento fue liderado por voluntarios del Cuerpo de Bomberos de Valpara\u00edso, quienes lograron extraer al individuo desde una profundidad estimada entre 15 y 20 metros, seg\u00fan indic\u00f3 el comandante de la instituci\u00f3n, Vicente Maggiolo.<\/p>\n<p class=\"\" data-start=\"753\" data-end=\"1050\">Al momento de ser rescatado, el hombre manifest\u00f3 que habr\u00eda sido secuestrado, golpeado y arrojado al lugar contra su voluntad. Seg\u00fan su relato, varias personas lo habr\u00edan retenido, agredido con golpes de pu\u00f1o, patadas e incluso con la culata de una escopeta, antes de abandonarlo en el sector.<\/p>\n<p class=\"\" data-start=\"1052\" data-end=\"1359\">Pese a la gravedad de las acusaciones, Carabineros no tiene registro de ninguna denuncia por secuestro en la zona de Laguna Verde, y con el transcurso de las horas surgieron antecedentes que vinculan el incidente a un posible consumo problem\u00e1tico de alcohol, lo que abre otras l\u00edneas investigativas.<\/p>\n<p class=\"\" data-start=\"1361\" data-end=\"1577\">El caso est\u00e1 siendo analizado por las autoridades para esclarecer lo ocurrido y determinar si efectivamente se trat\u00f3 de un hecho delictual o si hay otros factores que expliquen la presencia del hombre en la quebrada.<\/p>\n<p class=\"\" data-start=\"1579\" data-end=\"1769\">Por ahora, el afectado fue trasladado a un centro asistencial para su evaluaci\u00f3n m\u00e9dica, y se espera que pueda entregar m\u00e1s detalles sobre las circunstancias en que termin\u00f3 en esa situaci\u00f3n.<\/p>\n","protected":false},"excerpt":{"rendered":"<p>Durante la noche del martes, un operativo de emergencia se despleg\u00f3 en el sector de Camino Viejo Las Docas, en Laguna Verde, comuna de Valpara\u00edso, para rescatar a un hombre de 33 a\u00f1os que se encontraba al interior de una quebrada de dif\u00edcil acceso. El procedimiento fue liderado por voluntarios del Cuerpo de Bomberos de [&hellip;]<\/p>\n","protected":false},"author":2,"featured_media":532,"comment_status":"closed","ping_status":"open","sticky":false,"template":"","format":"standard","meta":[],"categories":[4],"tags":[],"_links":{"self":[{"href":"https:\/\/latinaradio.cl\/index.php\/wp-json\/wp\/v2\/posts\/531"}],"collection":[{"href":"https:\/\/latinaradio.cl\/index.php\/wp-json\/wp\/v2\/posts"}],"about":[{"href":"https:\/\/latinaradio.cl\/index.php\/wp-json\/wp\/v2\/types\/post"}],"author":[{"embeddable":true,"href":"https:\/\/latinaradio.cl\/index.php\/wp-json\/wp\/v2\/users\/2"}],"replies":[{"embeddable":true,"href":"https:\/\/latinaradio.cl\/index.php\/wp-json\/wp\/v2\/comments?post=531"}],"version-history":[{"count":1,"href":"https:\/\/latinaradio.cl\/index.php\/wp-json\/wp\/v2\/posts\/531\/revisions"}],"predecessor-version":[{"id":533,"href":"https:\/\/latinaradio.cl\/index.php\/wp-json\/wp\/v2\/posts\/531\/revisions\/533"}],"wp:featuredmedia":[{"embeddable":true,"href":"https:\/\/latinaradio.cl\/index.php\/wp-json\/wp\/v2\/media\/532"}],"wp:attachment":[{"href":"https:\/\/latinaradio.cl\/index.php\/wp-json\/wp\/v2\/media?parent=531"}],"wp:term":[{"taxonomy":"category","embeddable":true,"href":"https:\/\/latinaradio.cl\/index.php\/wp-json\/wp\/v2\/categories?post=531"},{"taxonomy":"post_tag","embeddable":true,"href":"https:\/\/latinaradio.cl\/index.php\/wp-json\/wp\/v2\/tags?post=531"}],"curies":[{"name":"wp","href":"https:\/\/api.w.org\/{rel}","templated":true}]}}