{"id":534,"date":"2025-05-15T23:16:23","date_gmt":"2025-05-16T02:16:23","guid":{"rendered":"https:\/\/latinaradio.cl\/?p=534"},"modified":"2025-05-15T23:16:23","modified_gmt":"2025-05-16T02:16:23","slug":"colchane-detienen-a-militar-acusado-de-facilitar-ingreso-irregular-de-mujer-venezolana-por-paso-no-habilitado","status":"publish","type":"post","link":"https:\/\/latinaradio.cl\/index.php\/2025\/05\/15\/colchane-detienen-a-militar-acusado-de-facilitar-ingreso-irregular-de-mujer-venezolana-por-paso-no-habilitado\/","title":{"rendered":"Colchane: detienen a militar acusado de facilitar ingreso irregular de mujer venezolana por paso no habilitado"},"content":{"rendered":"<p class=\"\" data-start=\"250\" data-end=\"496\">Un efectivo del Ej\u00e9rcito fue detenido preventivamente tras ser acusado de asistir a una mujer de nacionalidad venezolana a ingresar al pa\u00eds a trav\u00e9s de un paso no habilitado en la zona fronteriza de Colchane, en la Regi\u00f3n de Tarapac\u00e1.<\/p>\n<p class=\"\" data-start=\"498\" data-end=\"809\">El hecho fue detectado por personal de la Jefatura de \u00c1rea Fronteriza \u201cTarapac\u00e1\u201d, en el marco de sus labores de control migratorio. La mujer fue interceptada en el l\u00edmite con Bolivia, y al ser retenida, declar\u00f3 que habr\u00eda recibido ayuda de un militar chileno para cruzar la frontera de manera irregular.<\/p>\n<p class=\"\" data-start=\"811\" data-end=\"1176\">Tras esta revelaci\u00f3n, se realizaron diligencias internas que permitieron identificar al presunto involucrado. La situaci\u00f3n fue informada de inmediato a la Fiscal\u00eda Militar de Iquique, la cual orden\u00f3 la intervenci\u00f3n del Departamento OS-9 de Carabineros para llevar a cabo la detenci\u00f3n preventiva del funcionario y continuar con la investigaci\u00f3n del caso.<\/p>\n<p class=\"\" data-start=\"1178\" data-end=\"1524\">En un comunicado oficial, la Jefatura de \u00c1rea Fronteriza se\u00f1al\u00f3 que \u201ccondena firmemente toda conducta individual que se aparte de los principios, valores y normativas institucionales\u201d. Asimismo, afirmaron que continuar\u00e1n colaborando activamente con las autoridades judiciales y administrativas para el total esclarecimiento de los hechos.<\/p>\n<p class=\"\" data-start=\"1526\" data-end=\"1800\">El caso se encuentra en desarrollo y las autoridades a\u00fan no han entregado informaci\u00f3n sobre posibles sanciones internas o medidas disciplinarias adicionales. Tampoco se ha confirmado si la mujer involucrada ser\u00e1 objeto de un proceso de expulsi\u00f3n o regularizaci\u00f3n migratoria.<\/p>\n","protected":false},"excerpt":{"rendered":"<p>Un efectivo del Ej\u00e9rcito fue detenido preventivamente tras ser acusado de asistir a una mujer de nacionalidad venezolana a ingresar al pa\u00eds a trav\u00e9s de un paso no habilitado en la zona fronteriza de Colchane, en la Regi\u00f3n de Tarapac\u00e1. El hecho fue detectado por personal de la Jefatura de \u00c1rea Fronteriza \u201cTarapac\u00e1\u201d, en el [&hellip;]<\/p>\n","protected":false},"author":2,"featured_media":535,"comment_status":"closed","ping_status":"open","sticky":false,"template":"","format":"standard","meta":[],"categories":[3],"tags":[],"_links":{"self":[{"href":"https:\/\/latinaradio.cl\/index.php\/wp-json\/wp\/v2\/posts\/534"}],"collection":[{"href":"https:\/\/latinaradio.cl\/index.php\/wp-json\/wp\/v2\/posts"}],"about":[{"href":"https:\/\/latinaradio.cl\/index.php\/wp-json\/wp\/v2\/types\/post"}],"author":[{"embeddable":true,"href":"https:\/\/latinaradio.cl\/index.php\/wp-json\/wp\/v2\/users\/2"}],"replies":[{"embeddable":true,"href":"https:\/\/latinaradio.cl\/index.php\/wp-json\/wp\/v2\/comments?post=534"}],"version-history":[{"count":1,"href":"https:\/\/latinaradio.cl\/index.php\/wp-json\/wp\/v2\/posts\/534\/revisions"}],"predecessor-version":[{"id":536,"href":"https:\/\/latinaradio.cl\/index.php\/wp-json\/wp\/v2\/posts\/534\/revisions\/536"}],"wp:featuredmedia":[{"embeddable":true,"href":"https:\/\/latinaradio.cl\/index.php\/wp-json\/wp\/v2\/media\/535"}],"wp:attachment":[{"href":"https:\/\/latinaradio.cl\/index.php\/wp-json\/wp\/v2\/media?parent=534"}],"wp:term":[{"taxonomy":"category","embeddable":true,"href":"https:\/\/latinaradio.cl\/index.php\/wp-json\/wp\/v2\/categories?post=534"},{"taxonomy":"post_tag","embeddable":true,"href":"https:\/\/latinaradio.cl\/index.php\/wp-json\/wp\/v2\/tags?post=534"}],"curies":[{"name":"wp","href":"https:\/\/api.w.org\/{rel}","templated":true}]}}