{"id":549,"date":"2025-05-16T13:10:18","date_gmt":"2025-05-16T16:10:18","guid":{"rendered":"https:\/\/latinaradio.cl\/?p=549"},"modified":"2025-05-16T13:27:03","modified_gmt":"2025-05-16T16:27:03","slug":"francisco-vidal-y-la-crisis-de-tvn-el-dia-que-no-podamos-pagar-los-sueldos-es-el-dia-del-cierre","status":"publish","type":"post","link":"https:\/\/latinaradio.cl\/index.php\/2025\/05\/16\/francisco-vidal-y-la-crisis-de-tvn-el-dia-que-no-podamos-pagar-los-sueldos-es-el-dia-del-cierre\/","title":{"rendered":"Francisco Vidal y la encrucijada de TVN: \u201cEl modelo actual no funciona\u201d"},"content":{"rendered":"<p class=\"\" data-start=\"287\" data-end=\"618\">La crisis econ\u00f3mica que enfrenta Televisi\u00f3n Nacional de Chile (TVN) vuelve a encender las alertas. Esta vez fue el propio presidente del directorio del canal p\u00fablico, Francisco Vidal, quien reconoci\u00f3 la gravedad del escenario: de mantenerse las condiciones actuales, los recursos operativos solo alcanzar\u00edan hasta mediados de 2025.<\/p>\n<p class=\"\" data-start=\"620\" data-end=\"883\">En entrevista con Radio Infinita, Vidal fue tajante: \u201cEl d\u00eda que no podamos pagar los sueldos, es el d\u00eda del cierre\u201d. M\u00e1s all\u00e1 de normativas o reglamentos, la sostenibilidad financiera se convierte en un l\u00edmite concreto para el funcionamiento de la se\u00f1al estatal.<\/p>\n<p class=\"\" data-start=\"885\" data-end=\"1298\">Pero el problema va m\u00e1s all\u00e1 de los n\u00fameros. Seg\u00fan Vidal, la ra\u00edz de esta crisis est\u00e1 en el modelo de financiamiento heredado desde el origen del canal, que establece que TVN debe subsistir sin aportes directos del Estado. Un esquema que, en tiempos de bonanza publicitaria, fue viable, pero que hoy, con una inversi\u00f3n publicitaria a la baja y una industria televisiva en transformaci\u00f3n, simplemente no da abasto.<\/p>\n<p class=\"\" data-start=\"1300\" data-end=\"1415\">\u201cEl modelo no da para m\u00e1s\u201d, afirm\u00f3. Y a\u00f1adi\u00f3: \u201cNo es solo TVN, es toda la televisi\u00f3n abierta la que est\u00e1 en jaque\u201d.<\/p>\n<p class=\"\" data-start=\"1417\" data-end=\"1697\">Vidal insiste en que este es el momento para redefinir el rol de la televisi\u00f3n p\u00fablica en Chile. \u00bfDebe seguir compitiendo en igualdad de condiciones con los canales privados? \u00bfO debe pensarse un nuevo modelo que garantice su continuidad y misi\u00f3n cultural, informativa y educativa?<\/p>\n<p class=\"\" data-start=\"1699\" data-end=\"1837\">TVN, con toda su historia y simbolismo, se encuentra en una encrucijada. Y el Estado, seg\u00fan Vidal, deber\u00e1 decidir pronto qu\u00e9 camino tomar.<\/p>\n","protected":false},"excerpt":{"rendered":"<p>La crisis econ\u00f3mica que enfrenta Televisi\u00f3n Nacional de Chile (TVN) vuelve a encender las alertas. Esta vez fue el propio presidente del directorio del canal p\u00fablico, Francisco Vidal, quien reconoci\u00f3 la gravedad del escenario: de mantenerse las condiciones actuales, los recursos operativos solo alcanzar\u00edan hasta mediados de 2025. En entrevista con Radio Infinita, Vidal fue [&hellip;]<\/p>\n","protected":false},"author":2,"featured_media":550,"comment_status":"closed","ping_status":"open","sticky":false,"template":"","format":"standard","meta":[],"categories":[3],"tags":[],"_links":{"self":[{"href":"https:\/\/latinaradio.cl\/index.php\/wp-json\/wp\/v2\/posts\/549"}],"collection":[{"href":"https:\/\/latinaradio.cl\/index.php\/wp-json\/wp\/v2\/posts"}],"about":[{"href":"https:\/\/latinaradio.cl\/index.php\/wp-json\/wp\/v2\/types\/post"}],"author":[{"embeddable":true,"href":"https:\/\/latinaradio.cl\/index.php\/wp-json\/wp\/v2\/users\/2"}],"replies":[{"embeddable":true,"href":"https:\/\/latinaradio.cl\/index.php\/wp-json\/wp\/v2\/comments?post=549"}],"version-history":[{"count":3,"href":"https:\/\/latinaradio.cl\/index.php\/wp-json\/wp\/v2\/posts\/549\/revisions"}],"predecessor-version":[{"id":556,"href":"https:\/\/latinaradio.cl\/index.php\/wp-json\/wp\/v2\/posts\/549\/revisions\/556"}],"wp:featuredmedia":[{"embeddable":true,"href":"https:\/\/latinaradio.cl\/index.php\/wp-json\/wp\/v2\/media\/550"}],"wp:attachment":[{"href":"https:\/\/latinaradio.cl\/index.php\/wp-json\/wp\/v2\/media?parent=549"}],"wp:term":[{"taxonomy":"category","embeddable":true,"href":"https:\/\/latinaradio.cl\/index.php\/wp-json\/wp\/v2\/categories?post=549"},{"taxonomy":"post_tag","embeddable":true,"href":"https:\/\/latinaradio.cl\/index.php\/wp-json\/wp\/v2\/tags?post=549"}],"curies":[{"name":"wp","href":"https:\/\/api.w.org\/{rel}","templated":true}]}}