{"id":568,"date":"2025-05-18T23:15:23","date_gmt":"2025-05-19T02:15:23","guid":{"rendered":"https:\/\/latinaradio.cl\/?p=568"},"modified":"2025-05-18T23:15:54","modified_gmt":"2025-05-19T02:15:54","slug":"joven-de-puchuncavi-representara-a-chile-en-el-mundial-de-descenso-en-austria","status":"publish","type":"post","link":"https:\/\/latinaradio.cl\/index.php\/2025\/05\/18\/joven-de-puchuncavi-representara-a-chile-en-el-mundial-de-descenso-en-austria\/","title":{"rendered":"Joven de Puchuncav\u00ed representar\u00e1 a Chile en el Mundial de Descenso en Austria"},"content":{"rendered":"<p class=\"\" data-start=\"215\" data-end=\"572\">Con solo 19 a\u00f1os, <strong data-start=\"233\" data-end=\"253\">Fernanda Quiroga<\/strong>, oriunda de la comuna de <strong data-start=\"279\" data-end=\"293\">Puchuncav\u00ed<\/strong>, ha dado un gran paso en su carrera deportiva al ser seleccionada para representar a Chile en la tercera fecha del <strong data-start=\"409\" data-end=\"447\">Campeonato Mundial UCI de Descenso<\/strong>, que se realizar\u00e1 en <strong data-start=\"469\" data-end=\"489\">Leogang, Austria<\/strong>. Su historia es un testimonio de esfuerzo, perseverancia y pasi\u00f3n por el ciclismo.<\/p>\n<p class=\"\" data-start=\"574\" data-end=\"1026\">Conocida como \u201c<strong data-start=\"589\" data-end=\"596\">Fer<\/strong>\u201d en el mundo del descenso, su v\u00ednculo con este deporte se reactiv\u00f3 en 2022, cuando presenci\u00f3 desde fuera de las barreras el <strong data-start=\"721\" data-end=\"756\">Red Bull Valpara\u00edso Cerro Abajo<\/strong>, una de las competencias de ciclismo urbano m\u00e1s reconocidas a nivel mundial. Aquella experiencia fue clave: \u201cDesde que estuve ah\u00ed viendo las bicicletas, la verdad, a los pilotos, mi coraz\u00f3n volvi\u00f3 a latir hacia el mundo de la bicicleta\u201d, cont\u00f3 emocionada.<\/p>\n<p class=\"\" data-start=\"1028\" data-end=\"1393\">Luego de a\u00f1os sin competir por falta de apoyo econ\u00f3mico, Fernanda volvi\u00f3 a entrenar con fuerza, integr\u00e1ndose al <strong data-start=\"1140\" data-end=\"1171\">Team Chilean Racing Project<\/strong>. Su talento no tard\u00f3 en dar frutos: gracias al campamento <strong data-start=\"1230\" data-end=\"1255\">\u2018Del Cerro al Barrio\u2019<\/strong>, logr\u00f3 clasificar a la <strong data-start=\"1279\" data-end=\"1302\">Progression Session<\/strong>, donde se midi\u00f3 con otras grandes exponentes del downhill en una pista exigente y t\u00e9cnica.<\/p>\n<p class=\"\" data-start=\"1395\" data-end=\"1828\">Uno de los puntos m\u00e1s dif\u00edciles para Fer fue el temido salto en la <strong data-start=\"1462\" data-end=\"1480\">Plaza Bismarck<\/strong> de Valpara\u00edso, un obst\u00e1culo que puso a prueba incluso a los ciclistas m\u00e1s experimentados. \u201cMe habr\u00eda gustado practicar m\u00e1s ese salto porque era muy grande y me cost\u00f3 un poco agarrarle el ritmo\u201d, coment\u00f3 en entrevista con Red Bull. Aun as\u00ed, su capacidad de adaptaci\u00f3n y su compromiso la hicieron destacar como una de las revelaciones de la jornada.<\/p>\n<p class=\"\" data-start=\"1830\" data-end=\"2115\">Ahora, con la mirada puesta en Austria, Fernanda enfrenta un nuevo desaf\u00edo: el de financiar su participaci\u00f3n en el campeonato mundial. \u201cEstoy demasiado emocionada y la verdad es que me gustar\u00eda much\u00edsimo ir\u201d, expres\u00f3, consciente de las dificultades econ\u00f3micas que a\u00fan marcan su camino.<\/p>\n<p class=\"\" data-start=\"2117\" data-end=\"2418\">El caso de Fernanda Quiroga no solo refleja el talento joven que hay en nuestras comunas, sino tambi\u00e9n la importancia de crear redes de apoyo para que deportistas emergentes puedan cumplir sus sue\u00f1os. Desde Puchuncav\u00ed al mundo, Fer pedalea con fuerza y con la convicci\u00f3n de que no hay salto imposible.<\/p>\n","protected":false},"excerpt":{"rendered":"<p>Con solo 19 a\u00f1os, Fernanda Quiroga, oriunda de la comuna de Puchuncav\u00ed, ha dado un gran paso en su carrera deportiva al ser seleccionada para representar a Chile en la tercera fecha del Campeonato Mundial UCI de Descenso, que se realizar\u00e1 en Leogang, Austria. Su historia es un testimonio de esfuerzo, perseverancia y pasi\u00f3n por [&hellip;]<\/p>\n","protected":false},"author":2,"featured_media":569,"comment_status":"closed","ping_status":"open","sticky":false,"template":"","format":"standard","meta":[],"categories":[5],"tags":[],"_links":{"self":[{"href":"https:\/\/latinaradio.cl\/index.php\/wp-json\/wp\/v2\/posts\/568"}],"collection":[{"href":"https:\/\/latinaradio.cl\/index.php\/wp-json\/wp\/v2\/posts"}],"about":[{"href":"https:\/\/latinaradio.cl\/index.php\/wp-json\/wp\/v2\/types\/post"}],"author":[{"embeddable":true,"href":"https:\/\/latinaradio.cl\/index.php\/wp-json\/wp\/v2\/users\/2"}],"replies":[{"embeddable":true,"href":"https:\/\/latinaradio.cl\/index.php\/wp-json\/wp\/v2\/comments?post=568"}],"version-history":[{"count":2,"href":"https:\/\/latinaradio.cl\/index.php\/wp-json\/wp\/v2\/posts\/568\/revisions"}],"predecessor-version":[{"id":571,"href":"https:\/\/latinaradio.cl\/index.php\/wp-json\/wp\/v2\/posts\/568\/revisions\/571"}],"wp:featuredmedia":[{"embeddable":true,"href":"https:\/\/latinaradio.cl\/index.php\/wp-json\/wp\/v2\/media\/569"}],"wp:attachment":[{"href":"https:\/\/latinaradio.cl\/index.php\/wp-json\/wp\/v2\/media?parent=568"}],"wp:term":[{"taxonomy":"category","embeddable":true,"href":"https:\/\/latinaradio.cl\/index.php\/wp-json\/wp\/v2\/categories?post=568"},{"taxonomy":"post_tag","embeddable":true,"href":"https:\/\/latinaradio.cl\/index.php\/wp-json\/wp\/v2\/tags?post=568"}],"curies":[{"name":"wp","href":"https:\/\/api.w.org\/{rel}","templated":true}]}}