{"id":573,"date":"2025-05-18T23:29:05","date_gmt":"2025-05-19T02:29:05","guid":{"rendered":"https:\/\/latinaradio.cl\/?p=573"},"modified":"2025-05-18T23:29:05","modified_gmt":"2025-05-19T02:29:05","slug":"lorenzo-el-perrito-bombero-de-villa-alemana-participo-en-el-desfile-de-glorias-navales","status":"publish","type":"post","link":"https:\/\/latinaradio.cl\/index.php\/2025\/05\/18\/lorenzo-el-perrito-bombero-de-villa-alemana-participo-en-el-desfile-de-glorias-navales\/","title":{"rendered":"Lorenzo, el perrito bombero de Villa Alemana, particip\u00f3 en el desfile de Glorias Navales"},"content":{"rendered":"<p class=\"\" data-start=\"179\" data-end=\"417\">Con uniforme y paso firme, Lorenzo desfil\u00f3 junto a los voluntarios de la Tercera Compa\u00f1\u00eda de Bomberos de Villa Alemana durante la conmemoraci\u00f3n de las Glorias Navales, convirti\u00e9ndose en uno de los protagonistas m\u00e1s queridos de la jornada.<\/p>\n<p class=\"\" data-start=\"419\" data-end=\"782\">La historia de este perrito es conocida por muchos vecinos de la comuna. El a\u00f1o pasado, Lorenzo apareci\u00f3 herido en las calles de Villa Alemana, vagando sin rumbo ni ayuda. Su destino cambi\u00f3 cuando lleg\u00f3 a las dependencias de la Tercera Compa\u00f1\u00eda, donde fue acogido por los bomberos. Le dieron agua, comida y la atenci\u00f3n veterinaria que necesitaba para recuperarse.<\/p>\n<p class=\"\" data-start=\"784\" data-end=\"1000\">Con el paso de los d\u00edas, Lorenzo se gan\u00f3 el cari\u00f1o de todos. Su nobleza, fidelidad y compa\u00f1\u00eda constante hicieron que los voluntarios decidieran adoptarlo oficialmente, convirti\u00e9ndolo en un miembro m\u00e1s de la compa\u00f1\u00eda.<\/p>\n<p class=\"\" data-start=\"1002\" data-end=\"1279\">Desde entonces, acompa\u00f1a a los bomberos en guardias, entrenamientos e incluso en actividades comunitarias. Este fin de semana, al desfilar junto a ellos, Lorenzo no solo rindi\u00f3 homenaje a los h\u00e9roes navales, sino tambi\u00e9n a quienes le tendieron la mano cuando m\u00e1s lo necesitaba.<\/p>\n<p class=\"\" data-start=\"1281\" data-end=\"1392\">Su presencia fue aplaudida por los asistentes, que vieron en \u00e9l un s\u00edmbolo de amor, resiliencia y compa\u00f1erismo.<\/p>\n","protected":false},"excerpt":{"rendered":"<p>Con uniforme y paso firme, Lorenzo desfil\u00f3 junto a los voluntarios de la Tercera Compa\u00f1\u00eda de Bomberos de Villa Alemana durante la conmemoraci\u00f3n de las Glorias Navales, convirti\u00e9ndose en uno de los protagonistas m\u00e1s queridos de la jornada. La historia de este perrito es conocida por muchos vecinos de la comuna. El a\u00f1o pasado, Lorenzo [&hellip;]<\/p>\n","protected":false},"author":2,"featured_media":574,"comment_status":"closed","ping_status":"open","sticky":false,"template":"","format":"standard","meta":[],"categories":[4],"tags":[],"_links":{"self":[{"href":"https:\/\/latinaradio.cl\/index.php\/wp-json\/wp\/v2\/posts\/573"}],"collection":[{"href":"https:\/\/latinaradio.cl\/index.php\/wp-json\/wp\/v2\/posts"}],"about":[{"href":"https:\/\/latinaradio.cl\/index.php\/wp-json\/wp\/v2\/types\/post"}],"author":[{"embeddable":true,"href":"https:\/\/latinaradio.cl\/index.php\/wp-json\/wp\/v2\/users\/2"}],"replies":[{"embeddable":true,"href":"https:\/\/latinaradio.cl\/index.php\/wp-json\/wp\/v2\/comments?post=573"}],"version-history":[{"count":1,"href":"https:\/\/latinaradio.cl\/index.php\/wp-json\/wp\/v2\/posts\/573\/revisions"}],"predecessor-version":[{"id":575,"href":"https:\/\/latinaradio.cl\/index.php\/wp-json\/wp\/v2\/posts\/573\/revisions\/575"}],"wp:featuredmedia":[{"embeddable":true,"href":"https:\/\/latinaradio.cl\/index.php\/wp-json\/wp\/v2\/media\/574"}],"wp:attachment":[{"href":"https:\/\/latinaradio.cl\/index.php\/wp-json\/wp\/v2\/media?parent=573"}],"wp:term":[{"taxonomy":"category","embeddable":true,"href":"https:\/\/latinaradio.cl\/index.php\/wp-json\/wp\/v2\/categories?post=573"},{"taxonomy":"post_tag","embeddable":true,"href":"https:\/\/latinaradio.cl\/index.php\/wp-json\/wp\/v2\/tags?post=573"}],"curies":[{"name":"wp","href":"https:\/\/api.w.org\/{rel}","templated":true}]}}