{"id":576,"date":"2025-05-19T22:31:52","date_gmt":"2025-05-20T01:31:52","guid":{"rendered":"https:\/\/latinaradio.cl\/?p=576"},"modified":"2025-05-19T22:31:52","modified_gmt":"2025-05-20T01:31:52","slug":"monsalve-deja-capitan-yaber-tras-180-dias-en-prision-preventiva-y-reitera-su-inocencia","status":"publish","type":"post","link":"https:\/\/latinaradio.cl\/index.php\/2025\/05\/19\/monsalve-deja-capitan-yaber-tras-180-dias-en-prision-preventiva-y-reitera-su-inocencia\/","title":{"rendered":"Monsalve deja Capit\u00e1n Y\u00e1ber tras 180 d\u00edas en prisi\u00f3n preventiva y reitera su inocencia"},"content":{"rendered":"<p class=\"\" data-start=\"194\" data-end=\"611\">Tras seis meses en prisi\u00f3n preventiva, el exsubsecretario Manuel Monsalve fue liberado este lunes del penal Capit\u00e1n Y\u00e1ber, luego de que la Segunda Sala de la Corte Suprema acogiera un recurso de amparo presentado por su defensa. Desde ahora, el exautoridad enfrentar\u00e1 el proceso judicial bajo arresto domiciliario total, a la espera del t\u00e9rmino de la investigaci\u00f3n que lleva adelante la Fiscal\u00eda Centro Norte.<\/p>\n<p class=\"\" data-start=\"613\" data-end=\"967\">El equipo de la Defensor\u00eda Penal P\u00fablica, liderado por el abogado V\u00edctor Providel, apost\u00f3 por una estrategia de \u201ctodo o nada\u201d que result\u00f3 favorable, permitiendo que Monsalve pueda continuar con el proceso judicial desde su domicilio en Vi\u00f1a del Mar, ubicado en la calle Sol y Mar, mismo lugar donde fue detenido por la Polic\u00eda de Investigaciones.<\/p>\n<h3 class=\"\" data-start=\"969\" data-end=\"1023\">&#8220;Meses dolorosos para mi entorno, para mi familia&#8221;<\/h3>\n<p class=\"\" data-start=\"1025\" data-end=\"1255\">Cerca de las 14:12 horas, Monsalve cruz\u00f3 la reja de salida del recinto penitenciario. Con la voz visiblemente afectada, entreg\u00f3 una declaraci\u00f3n a la prensa, destacando lo complejo del per\u00edodo vivido y reafirmando su inocencia:<\/p>\n<blockquote data-start=\"1257\" data-end=\"1615\">\n<p class=\"\" data-start=\"1259\" data-end=\"1615\">&#8220;Los seis meses, creo que todos lo deben entender, son meses dolorosos, son meses complejos. Dolorosos para mi entorno, para mi familia, seguramente para mucha gente. Por supuesto, estar en prisi\u00f3n tambi\u00e9n es dif\u00edcil, m\u00e1s all\u00e1 de la discusi\u00f3n p\u00fablica que se da, estar privado de libertad, estar incomunicado, es una situaci\u00f3n por supuesto dif\u00edcil&#8221;, afirm\u00f3.<\/p>\n<\/blockquote>\n<p class=\"\" data-start=\"1617\" data-end=\"1759\">Asimismo, Monsalve neg\u00f3 haber recibido alg\u00fan trato privilegiado y asegur\u00f3 que ha estado desde el inicio dispuesto a colaborar con la justicia.<\/p>\n<blockquote data-start=\"1761\" data-end=\"2029\">\n<p class=\"\" data-start=\"1763\" data-end=\"2029\">&#8220;Yo creo que estar en prisi\u00f3n y estar incomunicado no es privilegio para nadie. Desde el principio he dicho que estoy disponible a someterme a los procesos judiciales que correspondan. Respecto a los delitos que se me imputan, quiero reiterar mi inocencia&#8221;, sostuvo.<\/p>\n<\/blockquote>\n<h3 class=\"\" data-start=\"2031\" data-end=\"2083\">Cr\u00edticas a filtraciones e informaciones err\u00f3neas<\/h3>\n<p class=\"\" data-start=\"2085\" data-end=\"2279\">En su breve intervenci\u00f3n, el exsubsecretario tambi\u00e9n cuestion\u00f3 el tratamiento medi\u00e1tico de la causa en su contra, se\u00f1alando que muchas de las informaciones difundidas han sido err\u00f3neas o falsas:<\/p>\n<blockquote data-start=\"2281\" data-end=\"2611\">\n<p class=\"\" data-start=\"2283\" data-end=\"2611\">&#8220;S\u00e9 que no vamos a evitar el debate p\u00fablico respecto a una causa de este impacto comunicacional, pero creo que es muy importante que las causas no se debatan en base a filtraciones e informaciones parciales y afirmaciones que se han hecho durante todos estos meses, muchas de las cuales son erradas o derechamente falsas&#8221;, dijo.<\/p>\n<\/blockquote>\n<p class=\"\" data-start=\"2613\" data-end=\"2783\">Finalmente, Monsalve expres\u00f3 que su prioridad inmediata es reencontrarse con su familia, y que seguir\u00e1 enfrentando el proceso judicial en los tribunales correspondientes:<\/p>\n<blockquote data-start=\"2785\" data-end=\"2976\">\n<p class=\"\" data-start=\"2787\" data-end=\"2976\">&#8220;Ahora lo que quiero hacer es poder encontrarme con mi familia, es mi principal prioridad. El resto tendr\u00e1 que verse en las sedes que corresponden, en los tribunales de justicia&#8221;, concluy\u00f3.<\/p>\n<\/blockquote>\n","protected":false},"excerpt":{"rendered":"<p>Tras seis meses en prisi\u00f3n preventiva, el exsubsecretario Manuel Monsalve fue liberado este lunes del penal Capit\u00e1n Y\u00e1ber, luego de que la Segunda Sala de la Corte Suprema acogiera un recurso de amparo presentado por su defensa. Desde ahora, el exautoridad enfrentar\u00e1 el proceso judicial bajo arresto domiciliario total, a la espera del t\u00e9rmino de [&hellip;]<\/p>\n","protected":false},"author":2,"featured_media":577,"comment_status":"closed","ping_status":"open","sticky":false,"template":"","format":"standard","meta":[],"categories":[3],"tags":[],"_links":{"self":[{"href":"https:\/\/latinaradio.cl\/index.php\/wp-json\/wp\/v2\/posts\/576"}],"collection":[{"href":"https:\/\/latinaradio.cl\/index.php\/wp-json\/wp\/v2\/posts"}],"about":[{"href":"https:\/\/latinaradio.cl\/index.php\/wp-json\/wp\/v2\/types\/post"}],"author":[{"embeddable":true,"href":"https:\/\/latinaradio.cl\/index.php\/wp-json\/wp\/v2\/users\/2"}],"replies":[{"embeddable":true,"href":"https:\/\/latinaradio.cl\/index.php\/wp-json\/wp\/v2\/comments?post=576"}],"version-history":[{"count":1,"href":"https:\/\/latinaradio.cl\/index.php\/wp-json\/wp\/v2\/posts\/576\/revisions"}],"predecessor-version":[{"id":578,"href":"https:\/\/latinaradio.cl\/index.php\/wp-json\/wp\/v2\/posts\/576\/revisions\/578"}],"wp:featuredmedia":[{"embeddable":true,"href":"https:\/\/latinaradio.cl\/index.php\/wp-json\/wp\/v2\/media\/577"}],"wp:attachment":[{"href":"https:\/\/latinaradio.cl\/index.php\/wp-json\/wp\/v2\/media?parent=576"}],"wp:term":[{"taxonomy":"category","embeddable":true,"href":"https:\/\/latinaradio.cl\/index.php\/wp-json\/wp\/v2\/categories?post=576"},{"taxonomy":"post_tag","embeddable":true,"href":"https:\/\/latinaradio.cl\/index.php\/wp-json\/wp\/v2\/tags?post=576"}],"curies":[{"name":"wp","href":"https:\/\/api.w.org\/{rel}","templated":true}]}}