{"id":579,"date":"2025-05-19T22:37:30","date_gmt":"2025-05-20T01:37:30","guid":{"rendered":"https:\/\/latinaradio.cl\/?p=579"},"modified":"2025-05-19T22:37:30","modified_gmt":"2025-05-20T01:37:30","slug":"brutal-crimen-en-limache-hombre-es-asesinado-de-una-punalada-en-plena-via-publica","status":"publish","type":"post","link":"https:\/\/latinaradio.cl\/index.php\/2025\/05\/19\/brutal-crimen-en-limache-hombre-es-asesinado-de-una-punalada-en-plena-via-publica\/","title":{"rendered":"Brutal crimen en Limache: hombre es asesinado de una pu\u00f1alada en plena v\u00eda p\u00fablica"},"content":{"rendered":"<p class=\"\" data-start=\"105\" data-end=\"191\">Un violento homicidio sacudi\u00f3 a la comuna de Limache durante la madrugada de este lunes, luego de que un hombre de 42 a\u00f1os, de nacionalidad chilena y con antecedentes policiales, fuera asesinado con un arma blanca en plena v\u00eda p\u00fablica.<\/p>\n<p class=\"\" data-start=\"430\" data-end=\"726\">El hecho ocurri\u00f3 pasada la medianoche en la calle <strong data-start=\"480\" data-end=\"499\">Santiago Bueras<\/strong>, cuando un grupo indeterminado de sujetos se acerc\u00f3 a la v\u00edctima. Sin mediar provocaci\u00f3n alguna, uno de ellos le propin\u00f3 una estocada en la zona tor\u00e1cica. Acto seguido, los atacantes huyeron del lugar en direcci\u00f3n desconocida.<\/p>\n<p class=\"\" data-start=\"728\" data-end=\"927\">Amigos y conocidos que se encontraban con la v\u00edctima lo trasladaron de inmediato al <strong data-start=\"812\" data-end=\"835\">Hospital de Limache<\/strong>, pero lamentablemente el hombre ingres\u00f3 sin signos vitales, confirm\u00e1ndose su fallecimiento.<\/p>\n<h3 class=\"\" data-start=\"929\" data-end=\"955\">Investigaci\u00f3n en curso<\/h3>\n<p class=\"\" data-start=\"957\" data-end=\"1350\">Por orden del <strong data-start=\"971\" data-end=\"993\">Ministerio P\u00fablico<\/strong>, la investigaci\u00f3n qued\u00f3 en manos de la <strong data-start=\"1033\" data-end=\"1096\">Brigada de Homicidios (BH) de la Polic\u00eda de Investigaciones<\/strong>. El subprefecto <strong data-start=\"1113\" data-end=\"1132\">Flavio Espinoza<\/strong>, jefe de la BH de Valpara\u00edso, inform\u00f3 que personal especializado se traslad\u00f3 en primera instancia al hospital para constatar la causa de muerte, trabajo que realizaron en conjunto con peritos y un m\u00e9dico criminalista.<\/p>\n<p class=\"\" data-start=\"1352\" data-end=\"1595\">Posteriormente, los detectives se dirigieron al lugar donde se perpetr\u00f3 el crimen para <strong data-start=\"1439\" data-end=\"1513\">levantar evidencia, revisar c\u00e1maras de seguridad y empadronar testigos<\/strong>, con el objetivo de identificar y capturar a los autores de este violento ataque.<\/p>\n<blockquote data-start=\"1597\" data-end=\"1773\">\n<p class=\"\" data-start=\"1599\" data-end=\"1773\">\u201cSe est\u00e1n realizando las diligencias correspondientes para esclarecer los hechos y dar con los responsables de este crimen que ocurri\u00f3 en plena v\u00eda p\u00fablica\u201d, se\u00f1al\u00f3 Espinoza.<\/p>\n<\/blockquote>\n<p class=\"\" data-start=\"1775\" data-end=\"1937\">Hasta el momento no se han reportado personas detenidas y se mantiene el llamado a la comunidad para entregar informaci\u00f3n que pueda contribuir a la investigaci\u00f3n.<\/p>\n","protected":false},"excerpt":{"rendered":"<p>Un violento homicidio sacudi\u00f3 a la comuna de Limache durante la madrugada de este lunes, luego de que un hombre de 42 a\u00f1os, de nacionalidad chilena y con antecedentes policiales, fuera asesinado con un arma blanca en plena v\u00eda p\u00fablica. El hecho ocurri\u00f3 pasada la medianoche en la calle Santiago Bueras, cuando un grupo indeterminado [&hellip;]<\/p>\n","protected":false},"author":2,"featured_media":580,"comment_status":"closed","ping_status":"open","sticky":false,"template":"","format":"standard","meta":[],"categories":[2],"tags":[],"_links":{"self":[{"href":"https:\/\/latinaradio.cl\/index.php\/wp-json\/wp\/v2\/posts\/579"}],"collection":[{"href":"https:\/\/latinaradio.cl\/index.php\/wp-json\/wp\/v2\/posts"}],"about":[{"href":"https:\/\/latinaradio.cl\/index.php\/wp-json\/wp\/v2\/types\/post"}],"author":[{"embeddable":true,"href":"https:\/\/latinaradio.cl\/index.php\/wp-json\/wp\/v2\/users\/2"}],"replies":[{"embeddable":true,"href":"https:\/\/latinaradio.cl\/index.php\/wp-json\/wp\/v2\/comments?post=579"}],"version-history":[{"count":1,"href":"https:\/\/latinaradio.cl\/index.php\/wp-json\/wp\/v2\/posts\/579\/revisions"}],"predecessor-version":[{"id":581,"href":"https:\/\/latinaradio.cl\/index.php\/wp-json\/wp\/v2\/posts\/579\/revisions\/581"}],"wp:featuredmedia":[{"embeddable":true,"href":"https:\/\/latinaradio.cl\/index.php\/wp-json\/wp\/v2\/media\/580"}],"wp:attachment":[{"href":"https:\/\/latinaradio.cl\/index.php\/wp-json\/wp\/v2\/media?parent=579"}],"wp:term":[{"taxonomy":"category","embeddable":true,"href":"https:\/\/latinaradio.cl\/index.php\/wp-json\/wp\/v2\/categories?post=579"},{"taxonomy":"post_tag","embeddable":true,"href":"https:\/\/latinaradio.cl\/index.php\/wp-json\/wp\/v2\/tags?post=579"}],"curies":[{"name":"wp","href":"https:\/\/api.w.org\/{rel}","templated":true}]}}