{"id":5807,"date":"2026-04-27T16:38:14","date_gmt":"2026-04-27T19:38:14","guid":{"rendered":"https:\/\/latinaradio.cl\/?p=5807"},"modified":"2026-04-27T16:38:14","modified_gmt":"2026-04-27T19:38:14","slug":"efe-valparaiso-inaugura-planta-solar-en-quilpue-para-avanzar-hacia-la-carbono-neutralidad","status":"publish","type":"post","link":"https:\/\/latinaradio.cl\/index.php\/2026\/04\/27\/efe-valparaiso-inaugura-planta-solar-en-quilpue-para-avanzar-hacia-la-carbono-neutralidad\/","title":{"rendered":"EFE Valpara\u00edso inaugura planta solar en Quilpu\u00e9 para avanzar hacia la carbono neutralidad"},"content":{"rendered":"<p data-start=\"95\" data-end=\"295\"><span class=\"hover:entity-accent entity-underline inline cursor-pointer align-baseline\"><span class=\"whitespace-normal\">EFE Valpara\u00edso<\/span><\/span> dio un nuevo paso en su estrategia de sostenibilidad con la inauguraci\u00f3n de una moderna planta fotovoltaica en la comuna de <span class=\"hover:entity-accent entity-underline inline cursor-pointer align-baseline\"><span class=\"whitespace-normal\">Quilpu\u00e9<\/span><\/span>.<\/p>\n<p data-start=\"297\" data-end=\"540\">La instalaci\u00f3n est\u00e1 pensada para abastecer con energ\u00eda limpia a la Central de Monitoreo de Seguridad, un recinto clave desde donde se supervisa todo el servicio Limache-Puerto, incluyendo 21 estaciones y 36 trenes, mediante m\u00e1s de 400 c\u00e1maras.<\/p>\n<p data-start=\"542\" data-end=\"819\">La planta cuenta con 28 m\u00f3dulos de alta eficiencia, lo que permitir\u00e1 reducir en un 50% el consumo de energ\u00eda proveniente de la red el\u00e9ctrica tradicional. Esto no solo implica un ahorro permanente, sino tambi\u00e9n mayor estabilidad operativa frente a posibles cortes de suministro.<\/p>\n<p data-start=\"821\" data-end=\"1106\">Este proyecto se suma a una l\u00ednea de trabajo que la empresa viene desarrollando desde 2021, cuando comenz\u00f3 a operar sus trenes con energ\u00eda 100% renovable, combinando fuentes solar y e\u00f3lica, lo que le ha permitido obtener por cuarto a\u00f1o consecutivo la certificaci\u00f3n internacional I-REC.<\/p>\n<p data-start=\"1108\" data-end=\"1265\" data-is-last-node=\"\" data-is-only-node=\"\">En simple, EFE est\u00e1 reforzando su compromiso con el medioambiente usando energ\u00eda limpia para hacer m\u00e1s eficiente y seguro el servicio de trenes en la regi\u00f3n.<\/p>\n","protected":false},"excerpt":{"rendered":"<p>EFE Valpara\u00edso dio un nuevo paso en su estrategia de sostenibilidad con la inauguraci\u00f3n de una moderna planta fotovoltaica en la comuna de Quilpu\u00e9. La instalaci\u00f3n est\u00e1 pensada para abastecer con energ\u00eda limpia a la Central de Monitoreo de Seguridad, un recinto clave desde donde se supervisa todo el servicio Limache-Puerto, incluyendo 21 estaciones y [&hellip;]<\/p>\n","protected":false},"author":2,"featured_media":5808,"comment_status":"closed","ping_status":"open","sticky":false,"template":"","format":"standard","meta":[],"categories":[4],"tags":[],"_links":{"self":[{"href":"https:\/\/latinaradio.cl\/index.php\/wp-json\/wp\/v2\/posts\/5807"}],"collection":[{"href":"https:\/\/latinaradio.cl\/index.php\/wp-json\/wp\/v2\/posts"}],"about":[{"href":"https:\/\/latinaradio.cl\/index.php\/wp-json\/wp\/v2\/types\/post"}],"author":[{"embeddable":true,"href":"https:\/\/latinaradio.cl\/index.php\/wp-json\/wp\/v2\/users\/2"}],"replies":[{"embeddable":true,"href":"https:\/\/latinaradio.cl\/index.php\/wp-json\/wp\/v2\/comments?post=5807"}],"version-history":[{"count":1,"href":"https:\/\/latinaradio.cl\/index.php\/wp-json\/wp\/v2\/posts\/5807\/revisions"}],"predecessor-version":[{"id":5809,"href":"https:\/\/latinaradio.cl\/index.php\/wp-json\/wp\/v2\/posts\/5807\/revisions\/5809"}],"wp:featuredmedia":[{"embeddable":true,"href":"https:\/\/latinaradio.cl\/index.php\/wp-json\/wp\/v2\/media\/5808"}],"wp:attachment":[{"href":"https:\/\/latinaradio.cl\/index.php\/wp-json\/wp\/v2\/media?parent=5807"}],"wp:term":[{"taxonomy":"category","embeddable":true,"href":"https:\/\/latinaradio.cl\/index.php\/wp-json\/wp\/v2\/categories?post=5807"},{"taxonomy":"post_tag","embeddable":true,"href":"https:\/\/latinaradio.cl\/index.php\/wp-json\/wp\/v2\/tags?post=5807"}],"curies":[{"name":"wp","href":"https:\/\/api.w.org\/{rel}","templated":true}]}}