{"id":5810,"date":"2026-04-27T16:41:35","date_gmt":"2026-04-27T19:41:35","guid":{"rendered":"https:\/\/latinaradio.cl\/?p=5810"},"modified":"2026-04-27T16:41:35","modified_gmt":"2026-04-27T19:41:35","slug":"conductores-de-micros-anuncian-paro-en-la-region-de-valparaiso-por-deuda-de-subsidios","status":"publish","type":"post","link":"https:\/\/latinaradio.cl\/index.php\/2026\/04\/27\/conductores-de-micros-anuncian-paro-en-la-region-de-valparaiso-por-deuda-de-subsidios\/","title":{"rendered":"Conductores de micros anuncian paro en la Regi\u00f3n de Valpara\u00edso por deuda de subsidios"},"content":{"rendered":"<p data-start=\"91\" data-end=\"346\">Conductores de transporte p\u00fablico que operan entre <span class=\"hover:entity-accent entity-underline inline cursor-pointer align-baseline\"><span class=\"whitespace-normal\">Villa Alemana<\/span><\/span>, <span class=\"hover:entity-accent entity-underline inline cursor-pointer align-baseline\"><span class=\"whitespace-normal\">Vi\u00f1a del Mar<\/span><\/span> y <span class=\"hover:entity-accent entity-underline inline cursor-pointer align-baseline\"><span class=\"whitespace-normal\">Conc\u00f3n<\/span><\/span> anunciaron una paralizaci\u00f3n de sus funciones a partir de las 17:00 horas de este lunes.<\/p>\n<p data-start=\"348\" data-end=\"576\">La movilizaci\u00f3n fue confirmada por el presidente de la Confederaci\u00f3n de Transporte Terrestre de la regi\u00f3n, \u00d3scar Cantero, quien explic\u00f3 que la decisi\u00f3n responde a la falta de acuerdo con el <span class=\"hover:entity-accent entity-underline inline cursor-pointer align-baseline\"><span class=\"whitespace-normal\">Ministerio de Transportes y Telecomunicaciones<\/span><\/span>.<\/p>\n<p data-start=\"578\" data-end=\"888\">El conflicto se origina por una millonaria deuda asociada a subsidios, lo que ha generado un fuerte malestar en el gremio. Entre los factores que explican esta situaci\u00f3n se encuentran los pagos vinculados a la Tarjeta Nacional Estudiantil (TNE), el congelamiento de tarifas y el alza en el precio del petr\u00f3leo.<\/p>\n<p data-start=\"890\" data-end=\"1088\">Seg\u00fan los conductores, este escenario ha provocado un impacto econ\u00f3mico importante, dificultando el cumplimiento de pagos hacia los propietarios de los buses y afectando la estabilidad del servicio.<\/p>\n<p data-start=\"1090\" data-end=\"1240\" data-is-last-node=\"\" data-is-only-node=\"\">En simple, los choferes decidieron paralizar porque acusan que no han recibido los recursos necesarios para sostener el funcionamiento del transporte.<\/p>\n","protected":false},"excerpt":{"rendered":"<p>Conductores de transporte p\u00fablico que operan entre Villa Alemana, Vi\u00f1a del Mar y Conc\u00f3n anunciaron una paralizaci\u00f3n de sus funciones a partir de las 17:00 horas de este lunes. La movilizaci\u00f3n fue confirmada por el presidente de la Confederaci\u00f3n de Transporte Terrestre de la regi\u00f3n, \u00d3scar Cantero, quien explic\u00f3 que la decisi\u00f3n responde a la [&hellip;]<\/p>\n","protected":false},"author":2,"featured_media":5811,"comment_status":"closed","ping_status":"open","sticky":false,"template":"","format":"standard","meta":[],"categories":[4],"tags":[],"_links":{"self":[{"href":"https:\/\/latinaradio.cl\/index.php\/wp-json\/wp\/v2\/posts\/5810"}],"collection":[{"href":"https:\/\/latinaradio.cl\/index.php\/wp-json\/wp\/v2\/posts"}],"about":[{"href":"https:\/\/latinaradio.cl\/index.php\/wp-json\/wp\/v2\/types\/post"}],"author":[{"embeddable":true,"href":"https:\/\/latinaradio.cl\/index.php\/wp-json\/wp\/v2\/users\/2"}],"replies":[{"embeddable":true,"href":"https:\/\/latinaradio.cl\/index.php\/wp-json\/wp\/v2\/comments?post=5810"}],"version-history":[{"count":1,"href":"https:\/\/latinaradio.cl\/index.php\/wp-json\/wp\/v2\/posts\/5810\/revisions"}],"predecessor-version":[{"id":5812,"href":"https:\/\/latinaradio.cl\/index.php\/wp-json\/wp\/v2\/posts\/5810\/revisions\/5812"}],"wp:featuredmedia":[{"embeddable":true,"href":"https:\/\/latinaradio.cl\/index.php\/wp-json\/wp\/v2\/media\/5811"}],"wp:attachment":[{"href":"https:\/\/latinaradio.cl\/index.php\/wp-json\/wp\/v2\/media?parent=5810"}],"wp:term":[{"taxonomy":"category","embeddable":true,"href":"https:\/\/latinaradio.cl\/index.php\/wp-json\/wp\/v2\/categories?post=5810"},{"taxonomy":"post_tag","embeddable":true,"href":"https:\/\/latinaradio.cl\/index.php\/wp-json\/wp\/v2\/tags?post=5810"}],"curies":[{"name":"wp","href":"https:\/\/api.w.org\/{rel}","templated":true}]}}