{"id":5813,"date":"2026-04-27T17:03:15","date_gmt":"2026-04-27T20:03:15","guid":{"rendered":"https:\/\/latinaradio.cl\/?p=5813"},"modified":"2026-04-27T17:03:15","modified_gmt":"2026-04-27T20:03:15","slug":"cadem-muestra-caida-en-aprobacion-del-gobierno-de-kast-y-aumento-del-pesimismo","status":"publish","type":"post","link":"https:\/\/latinaradio.cl\/index.php\/2026\/04\/27\/cadem-muestra-caida-en-aprobacion-del-gobierno-de-kast-y-aumento-del-pesimismo\/","title":{"rendered":"Cadem muestra ca\u00edda en aprobaci\u00f3n del gobierno de Kast y aumento del pesimismo"},"content":{"rendered":"<p data-start=\"84\" data-end=\"341\">La \u00faltima encuesta <span class=\"hover:entity-accent entity-underline inline cursor-pointer align-baseline\"><span class=\"whitespace-normal\">Cadem<\/span><\/span>, en su medici\u00f3n Plaza P\u00fablica, evidenci\u00f3 un retroceso en la aprobaci\u00f3n del gobierno del presidente <span class=\"hover:entity-accent entity-underline inline cursor-pointer align-baseline\"><span class=\"whitespace-normal\">Jos\u00e9 Antonio Kast<\/span><\/span>, que alcanza un 41%, mientras que la desaprobaci\u00f3n sube al 53%.<\/p>\n<p data-start=\"343\" data-end=\"523\">En el gabinete, la vocera <span class=\"hover:entity-accent entity-underline inline cursor-pointer align-baseline\"><span class=\"whitespace-normal\">Mara Sedini<\/span><\/span> aparece como la peor evaluada, con solo un 24% de aprobaci\u00f3n, tras registrar una fuerte ca\u00edda durante el \u00faltimo mes.<\/p>\n<p data-start=\"525\" data-end=\"598\">Otros ministros tambi\u00e9n mostraron descensos importantes en su evaluaci\u00f3n:<\/p>\n<ul data-start=\"599\" data-end=\"837\">\n<li data-section-id=\"nkwq12\" data-start=\"599\" data-end=\"658\"><span class=\"hover:entity-accent entity-underline inline cursor-pointer align-baseline\"><span class=\"whitespace-normal\">Trinidad Steinert<\/span><\/span>: 36% (-17 puntos)<\/li>\n<li data-section-id=\"2nrf36\" data-start=\"659\" data-end=\"718\"><span class=\"hover:entity-accent entity-underline inline cursor-pointer align-baseline\"><span class=\"whitespace-normal\">Natalia Duco<\/span><\/span>: 36% (-13 puntos)<\/li>\n<li data-section-id=\"5o9a4v\" data-start=\"719\" data-end=\"778\"><span class=\"hover:entity-accent entity-underline inline cursor-pointer align-baseline\"><span class=\"whitespace-normal\">Judith Mar\u00edn<\/span><\/span>: 38% (-10 puntos)<\/li>\n<li data-section-id=\"yzcpga\" data-start=\"779\" data-end=\"837\"><span class=\"hover:entity-accent entity-underline inline cursor-pointer align-baseline\"><span class=\"whitespace-normal\">Jorge Quiroz<\/span><\/span>: 39% (-5 puntos)<\/li>\n<\/ul>\n<p data-start=\"839\" data-end=\"968\">En paralelo, el sondeo refleja un clima de mayor escepticismo: un 50% de los encuestados considera que el pa\u00eds va por mal camino.<\/p>\n<p data-start=\"970\" data-end=\"1099\">Este pesimismo aumenta en ciertos grupos, llegando al 63% entre j\u00f3venes de 18 a 34 a\u00f1os y al 55% en sectores de menores ingresos.<\/p>\n<p data-start=\"1101\" data-end=\"1222\" data-is-last-node=\"\" data-is-only-node=\"\">En simple, la encuesta muestra una baja en el respaldo al gobierno y una percepci\u00f3n m\u00e1s negativa sobre el rumbo del pa\u00eds.<\/p>\n","protected":false},"excerpt":{"rendered":"<p>La \u00faltima encuesta Cadem, en su medici\u00f3n Plaza P\u00fablica, evidenci\u00f3 un retroceso en la aprobaci\u00f3n del gobierno del presidente Jos\u00e9 Antonio Kast, que alcanza un 41%, mientras que la desaprobaci\u00f3n sube al 53%. En el gabinete, la vocera Mara Sedini aparece como la peor evaluada, con solo un 24% de aprobaci\u00f3n, tras registrar una fuerte [&hellip;]<\/p>\n","protected":false},"author":2,"featured_media":5814,"comment_status":"closed","ping_status":"open","sticky":false,"template":"","format":"standard","meta":[],"categories":[3],"tags":[],"_links":{"self":[{"href":"https:\/\/latinaradio.cl\/index.php\/wp-json\/wp\/v2\/posts\/5813"}],"collection":[{"href":"https:\/\/latinaradio.cl\/index.php\/wp-json\/wp\/v2\/posts"}],"about":[{"href":"https:\/\/latinaradio.cl\/index.php\/wp-json\/wp\/v2\/types\/post"}],"author":[{"embeddable":true,"href":"https:\/\/latinaradio.cl\/index.php\/wp-json\/wp\/v2\/users\/2"}],"replies":[{"embeddable":true,"href":"https:\/\/latinaradio.cl\/index.php\/wp-json\/wp\/v2\/comments?post=5813"}],"version-history":[{"count":1,"href":"https:\/\/latinaradio.cl\/index.php\/wp-json\/wp\/v2\/posts\/5813\/revisions"}],"predecessor-version":[{"id":5815,"href":"https:\/\/latinaradio.cl\/index.php\/wp-json\/wp\/v2\/posts\/5813\/revisions\/5815"}],"wp:featuredmedia":[{"embeddable":true,"href":"https:\/\/latinaradio.cl\/index.php\/wp-json\/wp\/v2\/media\/5814"}],"wp:attachment":[{"href":"https:\/\/latinaradio.cl\/index.php\/wp-json\/wp\/v2\/media?parent=5813"}],"wp:term":[{"taxonomy":"category","embeddable":true,"href":"https:\/\/latinaradio.cl\/index.php\/wp-json\/wp\/v2\/categories?post=5813"},{"taxonomy":"post_tag","embeddable":true,"href":"https:\/\/latinaradio.cl\/index.php\/wp-json\/wp\/v2\/tags?post=5813"}],"curies":[{"name":"wp","href":"https:\/\/api.w.org\/{rel}","templated":true}]}}