{"id":5819,"date":"2026-04-27T17:38:34","date_gmt":"2026-04-27T20:38:34","guid":{"rendered":"https:\/\/latinaradio.cl\/?p=5819"},"modified":"2026-04-27T17:38:34","modified_gmt":"2026-04-27T20:38:34","slug":"julieta-venegas-es-reconocida-en-billboard-mujeres-latinas-en-la-musica-2026","status":"publish","type":"post","link":"https:\/\/latinaradio.cl\/index.php\/2026\/04\/27\/julieta-venegas-es-reconocida-en-billboard-mujeres-latinas-en-la-musica-2026\/","title":{"rendered":"Julieta Venegas es reconocida en Billboard Mujeres Latinas en la M\u00fasica 2026"},"content":{"rendered":"<section class=\"text-token-text-primary w-full focus:outline-none [--shadow-height:45px] has-data-writing-block:pointer-events-none has-data-writing-block:-mt-(--shadow-height) has-data-writing-block:pt-(--shadow-height) [&amp;:has([data-writing-block])&gt;*]:pointer-events-auto [content-visibility:auto] supports-[content-visibility:auto]:[contain-intrinsic-size:auto_100lvh] R6Vx5W_threadScrollVars scroll-mb-[calc(var(--scroll-root-safe-area-inset-bottom,0px)+var(--thread-response-height))] scroll-mt-[calc(var(--header-height)+min(200px,max(70px,20svh)))]\" dir=\"auto\" data-turn-id=\"request-69c341f4-f1d0-83e9-be36-0797751e24a8-7\" data-testid=\"conversation-turn-516\" data-scroll-anchor=\"false\" data-turn=\"assistant\">\n<div class=\"text-base my-auto mx-auto pb-10 [--thread-content-margin:var(--thread-content-margin-xs,calc(var(--spacing)*4))] @w-sm\/main:[--thread-content-margin:var(--thread-content-margin-sm,calc(var(--spacing)*6))] @w-lg\/main:[--thread-content-margin:var(--thread-content-margin-lg,calc(var(--spacing)*16))] px-(--thread-content-margin)\">\n<div class=\"[--thread-content-max-width:40rem] @w-lg\/main:[--thread-content-max-width:48rem] mx-auto max-w-(--thread-content-max-width) flex-1 group\/turn-messages focus-visible:outline-hidden relative flex w-full min-w-0 flex-col agent-turn\">\n<div class=\"flex max-w-full flex-col gap-4 grow\">\n<div class=\"min-h-8 text-message relative flex w-full flex-col items-end gap-2 text-start break-words whitespace-normal outline-none keyboard-focused:focus-ring [.text-message+&amp;]:mt-1\" dir=\"auto\" tabindex=\"0\" data-message-author-role=\"assistant\" data-message-id=\"2b14db0b-cae0-4b61-b9ef-0e548898a8bb\" data-message-model-slug=\"gpt-5-3\" data-turn-start-message=\"true\">\n<div class=\"flex w-full flex-col gap-1 empty:hidden\">\n<div class=\"markdown prose dark:prose-invert w-full wrap-break-word dark markdown-new-styling\">\n<p data-start=\"82\" data-end=\"320\">La destacada cantante mexicana <span class=\"hover:entity-accent entity-underline inline cursor-pointer align-baseline\"><span class=\"whitespace-normal\">Julieta Venegas<\/span><\/span> fue homenajeada en los <span class=\"hover:entity-accent entity-underline inline cursor-pointer align-baseline\"><span class=\"whitespace-normal\">Billboard Mujeres Latinas en la M\u00fasica 2026<\/span><\/span>, donde recibi\u00f3 el reconocimiento a la excelencia art\u00edstica por su amplia y exitosa trayectoria en la m\u00fasica.<\/p>\n<p data-start=\"322\" data-end=\"588\">Este galard\u00f3n busca destacar a mujeres que han dejado una huella significativa en la industria musical, y en ese contexto, Venegas fue valorada por su aporte al pop latino, su estilo \u00fanico y su capacidad de conectar con distintas generaciones a lo largo de los a\u00f1os.<\/p>\n<p data-start=\"590\" data-end=\"845\">Con una carrera consolidada tanto en Latinoam\u00e9rica como a nivel internacional, la artista ha logrado posicionarse como una de las voces m\u00e1s influyentes de la m\u00fasica en espa\u00f1ol, con canciones que han marcado a su p\u00fablico y que siguen vigentes en el tiempo.<\/p>\n<p data-start=\"847\" data-end=\"1053\">Al recibir el premio, la cantante expres\u00f3 su emoci\u00f3n y gratitud: \u201cMe siento honrada y emocionada. Gracias a toda la gente que me ha acompa\u00f1ado a trav\u00e9s de los a\u00f1os, escuchando y conectando con lo que hago\u201d.<\/p>\n<p data-start=\"1055\" data-end=\"1237\">Este reconocimiento reafirma el lugar de Julieta Venegas dentro de la escena musical latinoamericana, destacando no solo su talento, sino tambi\u00e9n su constancia y evoluci\u00f3n art\u00edstica.<\/p>\n<p data-start=\"1239\" data-end=\"1339\" data-is-last-node=\"\" data-is-only-node=\"\">En simple, es un premio que reconoce toda su carrera y el impacto que ha tenido en la m\u00fasica latina.<\/p>\n<\/div>\n<\/div>\n<\/div>\n<\/div>\n<div class=\"z-0 flex min-h-[46px] justify-start\"><\/div>\n<div class=\"mt-3 w-full empty:hidden\">\n<div class=\"text-center\"><\/div>\n<\/div>\n<\/div>\n<\/div>\n<\/section>\n<div class=\"pointer-events-none -mt-px h-px translate-y-[calc(var(--scroll-root-safe-area-inset-bottom)-14*var(--spacing))]\" aria-hidden=\"true\"><\/div>\n","protected":false},"excerpt":{"rendered":"<p>La destacada cantante mexicana Julieta Venegas fue homenajeada en los Billboard Mujeres Latinas en la M\u00fasica 2026, donde recibi\u00f3 el reconocimiento a la excelencia art\u00edstica por su amplia y exitosa trayectoria en la m\u00fasica. Este galard\u00f3n busca destacar a mujeres que han dejado una huella significativa en la industria musical, y en ese contexto, Venegas [&hellip;]<\/p>\n","protected":false},"author":2,"featured_media":5820,"comment_status":"closed","ping_status":"open","sticky":false,"template":"","format":"standard","meta":[],"categories":[8],"tags":[],"_links":{"self":[{"href":"https:\/\/latinaradio.cl\/index.php\/wp-json\/wp\/v2\/posts\/5819"}],"collection":[{"href":"https:\/\/latinaradio.cl\/index.php\/wp-json\/wp\/v2\/posts"}],"about":[{"href":"https:\/\/latinaradio.cl\/index.php\/wp-json\/wp\/v2\/types\/post"}],"author":[{"embeddable":true,"href":"https:\/\/latinaradio.cl\/index.php\/wp-json\/wp\/v2\/users\/2"}],"replies":[{"embeddable":true,"href":"https:\/\/latinaradio.cl\/index.php\/wp-json\/wp\/v2\/comments?post=5819"}],"version-history":[{"count":1,"href":"https:\/\/latinaradio.cl\/index.php\/wp-json\/wp\/v2\/posts\/5819\/revisions"}],"predecessor-version":[{"id":5821,"href":"https:\/\/latinaradio.cl\/index.php\/wp-json\/wp\/v2\/posts\/5819\/revisions\/5821"}],"wp:featuredmedia":[{"embeddable":true,"href":"https:\/\/latinaradio.cl\/index.php\/wp-json\/wp\/v2\/media\/5820"}],"wp:attachment":[{"href":"https:\/\/latinaradio.cl\/index.php\/wp-json\/wp\/v2\/media?parent=5819"}],"wp:term":[{"taxonomy":"category","embeddable":true,"href":"https:\/\/latinaradio.cl\/index.php\/wp-json\/wp\/v2\/categories?post=5819"},{"taxonomy":"post_tag","embeddable":true,"href":"https:\/\/latinaradio.cl\/index.php\/wp-json\/wp\/v2\/tags?post=5819"}],"curies":[{"name":"wp","href":"https:\/\/api.w.org\/{rel}","templated":true}]}}