{"id":582,"date":"2025-05-19T22:44:20","date_gmt":"2025-05-20T01:44:20","guid":{"rendered":"https:\/\/latinaradio.cl\/?p=582"},"modified":"2025-05-19T22:44:20","modified_gmt":"2025-05-20T01:44:20","slug":"christiane-endler-se-consagra-campeona-en-francia-por-quinta-vez-consecutiva","status":"publish","type":"post","link":"https:\/\/latinaradio.cl\/index.php\/2025\/05\/19\/christiane-endler-se-consagra-campeona-en-francia-por-quinta-vez-consecutiva\/","title":{"rendered":"Christiane Endler se consagra campeona en Francia por quinta vez consecutiva"},"content":{"rendered":"<p class=\"\" data-start=\"141\" data-end=\"507\">La arquera chilena Christiane Endler sigue escribiendo su nombre con letras doradas en la historia del f\u00fatbol femenino. Este viernes, la portera nacional se coron\u00f3 campeona de la Premi\u00e8re Ligue femenina de Francia por quinta temporada consecutiva, tras la victoria de su equipo, el Olympique de Lyon, sobre su cl\u00e1sico rival, el Paris Saint-Germain (PSG).<\/p>\n<p class=\"\" data-start=\"509\" data-end=\"737\">En un encuentro cargado de emoci\u00f3n y simbolog\u00eda, Endler fue titular y disput\u00f3 los 90 minutos, mostrando solidez bajo los tres palos y contribuyendo a la victoria por 3-0, que sell\u00f3 un nuevo t\u00edtulo para el conjunto \u201cfenotte\u201d.<\/p>\n<p class=\"\" data-start=\"739\" data-end=\"1056\">Las anotaciones fueron obra de Melchie Dumornay (45+3\u2019), Kadidiatou Diani (80\u2019) y Wendie Renard (90+4\u2019, de penal), reflejando el dominio del Lyon durante todo el encuentro. Con este resultado, el club suma su 18\u00b0 campeonato local, consolid\u00e1ndose como el equipo m\u00e1s exitoso del f\u00fatbol femenino franc\u00e9s.<\/p>\n<p class=\"\" data-start=\"1058\" data-end=\"1380\">Para Endler, este t\u00edtulo tiene un valor especial: es el cuarto que conquista con el Olympique de Lyon desde su llegada en 2021. Adem\u00e1s, se suma al campeonato que obtuvo en la temporada 2020-21 con el PSG, completando as\u00ed un impresionante pentacampeonato personal en una de las ligas m\u00e1s competitivas del mundo.<\/p>\n<p class=\"\" data-start=\"1382\" data-end=\"1544\">El nuevo logro reafirma a \u201cTiane\u201d como una de las figuras m\u00e1s destacadas del f\u00fatbol femenino a nivel internacional y un verdadero orgullo para el deporte chileno.<\/p>\n","protected":false},"excerpt":{"rendered":"<p>La arquera chilena Christiane Endler sigue escribiendo su nombre con letras doradas en la historia del f\u00fatbol femenino. Este viernes, la portera nacional se coron\u00f3 campeona de la Premi\u00e8re Ligue femenina de Francia por quinta temporada consecutiva, tras la victoria de su equipo, el Olympique de Lyon, sobre su cl\u00e1sico rival, el Paris Saint-Germain (PSG). [&hellip;]<\/p>\n","protected":false},"author":2,"featured_media":583,"comment_status":"closed","ping_status":"open","sticky":false,"template":"","format":"standard","meta":[],"categories":[5],"tags":[],"_links":{"self":[{"href":"https:\/\/latinaradio.cl\/index.php\/wp-json\/wp\/v2\/posts\/582"}],"collection":[{"href":"https:\/\/latinaradio.cl\/index.php\/wp-json\/wp\/v2\/posts"}],"about":[{"href":"https:\/\/latinaradio.cl\/index.php\/wp-json\/wp\/v2\/types\/post"}],"author":[{"embeddable":true,"href":"https:\/\/latinaradio.cl\/index.php\/wp-json\/wp\/v2\/users\/2"}],"replies":[{"embeddable":true,"href":"https:\/\/latinaradio.cl\/index.php\/wp-json\/wp\/v2\/comments?post=582"}],"version-history":[{"count":1,"href":"https:\/\/latinaradio.cl\/index.php\/wp-json\/wp\/v2\/posts\/582\/revisions"}],"predecessor-version":[{"id":584,"href":"https:\/\/latinaradio.cl\/index.php\/wp-json\/wp\/v2\/posts\/582\/revisions\/584"}],"wp:featuredmedia":[{"embeddable":true,"href":"https:\/\/latinaradio.cl\/index.php\/wp-json\/wp\/v2\/media\/583"}],"wp:attachment":[{"href":"https:\/\/latinaradio.cl\/index.php\/wp-json\/wp\/v2\/media?parent=582"}],"wp:term":[{"taxonomy":"category","embeddable":true,"href":"https:\/\/latinaradio.cl\/index.php\/wp-json\/wp\/v2\/categories?post=582"},{"taxonomy":"post_tag","embeddable":true,"href":"https:\/\/latinaradio.cl\/index.php\/wp-json\/wp\/v2\/tags?post=582"}],"curies":[{"name":"wp","href":"https:\/\/api.w.org\/{rel}","templated":true}]}}